{"id":98339,"date":"2023-07-06T21:04:30","date_gmt":"2023-07-07T00:04:30","guid":{"rendered":"https:\/\/blogdoedvaldomagalhaes.com.br\/?p=98339"},"modified":"2023-07-06T21:04:31","modified_gmt":"2023-07-07T00:04:31","slug":"governadora-raquel-lyra-anuncia-primeiras-atracoes-do-31o-festival-de-inverno-de-garanhuns-fig","status":"publish","type":"post","link":"https:\/\/blogdoedvaldomagalhaes.com.br\/index.php\/2023\/07\/06\/governadora-raquel-lyra-anuncia-primeiras-atracoes-do-31o-festival-de-inverno-de-garanhuns-fig\/","title":{"rendered":"Governadora Raquel Lyra anuncia primeiras atra\u00e7\u00f5es do 31\u00ba Festival de Inverno de Garanhuns &#8211; FIG"},"content":{"rendered":"<p style=\"text-align: justify;\"><span style=\"font-size: revert;\">A governadora de Pernambuco, Raquel Lyra, anunciou, nesta quinta-feira (6), as primeiras atra\u00e7\u00f5es do 31\u00ba Festival de Inverno de Garanhuns (FIG), que ser\u00e1 realizado de 21 a 30 de julho. Entre os nomes confirmados est\u00e3o: <b>Lenine, Maneva, Isaar e Orquestra Sanf\u00f4nica Mestre Dominguinhos<\/b>.<\/span><\/p>\n<p style=\"text-align: justify;\">Est\u00e1 decretado: come\u00e7a agora o reinado da cultura pernambucana. \u00c9 permitido se encantar com os personagens do reisado, com as tradi\u00e7\u00f5es quilombolas, com a mem\u00f3ria do mestre Gonzaga e do patrono Cyro Ferreira. Est\u00e1 liberado circular pelas ruas de Garanhuns e se maravilhar com artistas de todas as express\u00f5es, encontrar gente de todos os cantos, ouvir os cantos de muita gente. Artistas locais, personagens da m\u00fasica popular brasileira em v\u00e1rios ritmos e vozes. A coroa\u00e7\u00e3o do 31\u00b0 Festival de Inverno de Garanhuns (FIG 2023) acontece no dia 21 (sexta-feira), com Lenine apresentando o novo show Rizoma, a cantora Isaar, a banda Maneva e a Orquestra Sanf\u00f4nica Mestre Dominguinhos, que fazem a noite de abertura. A programa\u00e7\u00e3o completa ser\u00e1 apresentada durante coletiva de imprensa, na segunda-feira (10), no Cine Jardim, do Centro Cultural do Sesc Garanhuns.<\/p>\n<p style=\"text-align: justify;\"><span data-removefontsize=\"true\" data-originalcomputedfontsize=\"16\">A identidade visual do 31\u00ba FIG, celebrando o reisado, criada pelo artista pl\u00e1stico Raoni Assis foi divulgada hoje. Ser\u00e3o 10 dias de celebra\u00e7\u00e3o, de sol, friozinho gostoso e calor humano, de diversidade de sons, cores, aroma e sabores. De agora em diante a alegria impera, a economia se aquece e no alto da serra, Pernambuco ferve.<\/span><\/p>\n<p style=\"text-align: justify;\"><span data-removefontsize=\"true\" data-originalcomputedfontsize=\"16\">At\u00e9 o p\u00fablico poder\u00e1 conferir a programa\u00e7\u00e3o em diversos polos. Al\u00e9m da Esplanada, onde \u00e9 montado o Palco Mestre Dominguinhos, o FIG 2023 vai oferecer programa\u00e7\u00e3o gratuita nas pra\u00e7as, nos parques, nos pavilh\u00f5es, no teatro, na catedral, pelas ruas e em diversos outros espa\u00e7os da cidade, atraindo milhares de turistas durante o evento.<\/span><\/p>\n<p style=\"text-align: justify;\"><b><span data-removefontsize=\"true\" data-originalcomputedfontsize=\"16\">IDENTIDADE VISUAL &#8211;<\/span><\/b><span data-removefontsize=\"true\" data-originalcomputedfontsize=\"16\"> Nascido em Olinda, Pernambuco, o ilustrador e artista visual Raoni Assis j\u00e1 realizou v\u00e1rias exposi\u00e7\u00f5es, e tem trabalhos publicados em livros, revistas, discos e jornais. Sua arte busca trazer novos olhares com vi\u00e9s pop contempor\u00e2neo. Entre seus trabalhos mais conhecidos est\u00e3o o cartaz oficial da Sede Recife para Copa do Mundo da FIFA \u2013 Brasil 2014, o trabalho de estreia do Cow Parade na Regi\u00e3o Nordeste (2017), realizado em Recife, e a cria\u00e7\u00e3o da identidade visual da decora\u00e7\u00e3o do Carnaval de Olinda de 2016.\u00a0<\/span><\/p>\n<p style=\"text-align: justify;\"><b><span data-removefontsize=\"true\" data-originalcomputedfontsize=\"16\">PROPOSTAS HABILITADAS<\/span><\/b><span data-removefontsize=\"true\" data-originalcomputedfontsize=\"16\"> &#8211; Foram classificadas 950 propostas nos segmentos: artes circenses (24), artes visuais (6), audiovisual (10), cultura popular (240), dan\u00e7a (22), design e moda (2), fotografia (9), gastronomia (2), literatura (29), m\u00fasica (546), patrim\u00f4nio cultural (6), patrim\u00f4nios vivos (22) e teatro (32). H\u00e1 tamb\u00e9m diversas propostas para a ocupa\u00e7\u00e3o de espa\u00e7os, como a Pra\u00e7a da Palavra e o Armaz\u00e9m das Artes e Neg\u00f3cios, bem como atividades voltadas para a programa\u00e7\u00e3o de forma\u00e7\u00e3o cultural do Festival.\u00a0<\/span><\/p>\n<p style=\"text-align: justify;\"><span data-removefontsize=\"true\" data-originalcomputedfontsize=\"16\">\u201cO resultado final do edital de Convocat\u00f3ria Art\u00edstica do 31\u00ba Festival de Inverno de Garanhuns contempla a for\u00e7a da cultura pernambucana no rico e diversos cen\u00e1rio art\u00edstico brasileiro, marcante no conjunto das propostas classificadas\u201d, afirma o secret\u00e1rio estadual de Cultura, Silv\u00e9rio Pessoa.\u00a0<\/span><span data-removefontsize=\"true\" data-originalcomputedfontsize=\"16\">Foto: Reprodu\u00e7\u00e3o\/Governo-PE.<\/span><br \/>\nSe inscreva no canal do Blog no You Tube<\/p>\n<p style=\"text-align: justify;\">Siga o Instagram do Blog @blogeo<\/p>\n","protected":false},"excerpt":{"rendered":"<p>A governadora de Pernambuco, Raquel Lyra, anunciou, nesta quinta-feira (6), as primeiras atra\u00e7\u00f5es do 31\u00ba Festival de Inverno de Garanhuns&hellip;<\/p>\n","protected":false},"author":1,"featured_media":98340,"comment_status":"closed","ping_status":"open","sticky":false,"template":"","format":"standard","meta":{"footnotes":""},"categories":[14122],"tags":[2,19532,3406,27971,20295],"class_list":["post-98339","post","type-post","status-publish","format-standard","has-post-thumbnail","hentry","category-politica","tag-blog-do-edvaldo-magalhaes","tag-blog-mais-acessado-e-visualizado-de-caruaru-e-regiao","tag-caruaru","tag-governadora-raquel-lyra-anuncia-primeiras-atracoes-do-31o-festival-de-inverno-de-garanhuns-fig","tag-politica-2"],"_links":{"self":[{"href":"https:\/\/blogdoedvaldomagalhaes.com.br\/index.php\/wp-json\/wp\/v2\/posts\/98339","targetHints":{"allow":["GET"]}}],"collection":[{"href":"https:\/\/blogdoedvaldomagalhaes.com.br\/index.php\/wp-json\/wp\/v2\/posts"}],"about":[{"href":"https:\/\/blogdoedvaldomagalhaes.com.br\/index.php\/wp-json\/wp\/v2\/types\/post"}],"author":[{"embeddable":true,"href":"https:\/\/blogdoedvaldomagalhaes.com.br\/index.php\/wp-json\/wp\/v2\/users\/1"}],"replies":[{"embeddable":true,"href":"https:\/\/blogdoedvaldomagalhaes.com.br\/index.php\/wp-json\/wp\/v2\/comments?post=98339"}],"version-history":[{"count":1,"href":"https:\/\/blogdoedvaldomagalhaes.com.br\/index.php\/wp-json\/wp\/v2\/posts\/98339\/revisions"}],"predecessor-version":[{"id":98341,"href":"https:\/\/blogdoedvaldomagalhaes.com.br\/index.php\/wp-json\/wp\/v2\/posts\/98339\/revisions\/98341"}],"wp:featuredmedia":[{"embeddable":true,"href":"https:\/\/blogdoedvaldomagalhaes.com.br\/index.php\/wp-json\/wp\/v2\/media\/98340"}],"wp:attachment":[{"href":"https:\/\/blogdoedvaldomagalhaes.com.br\/index.php\/wp-json\/wp\/v2\/media?parent=98339"}],"wp:term":[{"taxonomy":"category","embeddable":true,"href":"https:\/\/blogdoedvaldomagalhaes.com.br\/index.php\/wp-json\/wp\/v2\/categories?post=98339"},{"taxonomy":"post_tag","embeddable":true,"href":"https:\/\/blogdoedvaldomagalhaes.com.br\/index.php\/wp-json\/wp\/v2\/tags?post=98339"}],"curies":[{"name":"wp","href":"https:\/\/api.w.org\/{rel}","templated":true}]}}