{"id":98332,"date":"2023-07-06T20:02:57","date_gmt":"2023-07-06T23:02:57","guid":{"rendered":"https:\/\/blogdoedvaldomagalhaes.com.br\/?p=98332"},"modified":"2023-07-06T20:17:56","modified_gmt":"2023-07-06T23:17:56","slug":"suspeito-de-matar-ex-companheira-e-mae-dela-em-jaboatao-e-preso","status":"publish","type":"post","link":"https:\/\/blogdoedvaldomagalhaes.com.br\/index.php\/2023\/07\/06\/suspeito-de-matar-ex-companheira-e-mae-dela-em-jaboatao-e-preso\/","title":{"rendered":"Suspeito de matar ex-companheira e m\u00e3e dela em Jaboat\u00e3o \u00e9 preso"},"content":{"rendered":"<p style=\"text-align: justify;\">A pol\u00edcia prendeu em Arapiraca, Alagoas, nesta quinta-feira (06), o suspeito de matar a tiros a ex-companheira Laura Beatriz Santos Silva, 23 anos de idade, estudante de direito e a m\u00e3e dela Jadete Santos Silva, 49 anos, na entrada de um condom\u00ednio residencial, em Candeias, Jaboat\u00e3o dos Guararapes, nessa quarta-feira (05). M\u00e3e\u00a0<span style=\"font-size: revert;\">e filha foram assassinadas por um homem apontado como ex-companheiro de Laura, que n\u00e3o aceitava a separa\u00e7\u00e3o e estaria fazendo amea\u00e7as \u00e0 jovem. \u00a0<\/span><\/p>\n<p style=\"text-align: justify;\">Os corpos de Jadete e Laura come\u00e7aram a ser velados no in\u00edcio da noite desta quinta-feira (06) na Igreja Pentecostal de Amaraji, Mata Sul de Pernambuco, cidade onde a fam\u00edlia tem origem. O enterro est\u00e1 marcado para manh\u00e3 desta sexta-feira (07), em Amaraji.<\/p>\n","protected":false},"excerpt":{"rendered":"<p>A pol\u00edcia prendeu em Arapiraca, Alagoas, nesta quinta-feira (06), o suspeito de matar a tiros a ex-companheira Laura Beatriz Santos&hellip;<\/p>\n","protected":false},"author":1,"featured_media":98333,"comment_status":"closed","ping_status":"open","sticky":false,"template":"","format":"standard","meta":{"footnotes":""},"categories":[14121],"tags":[2,19532,3406,5448,27970],"class_list":["post-98332","post","type-post","status-publish","format-standard","has-post-thumbnail","hentry","category-policial","tag-blog-do-edvaldo-magalhaes","tag-blog-mais-acessado-e-visualizado-de-caruaru-e-regiao","tag-caruaru","tag-homicidio","tag-suspeito-de-matar-ex-companheira-e-mae-dela-em-jaboatao-e-preso"],"_links":{"self":[{"href":"https:\/\/blogdoedvaldomagalhaes.com.br\/index.php\/wp-json\/wp\/v2\/posts\/98332","targetHints":{"allow":["GET"]}}],"collection":[{"href":"https:\/\/blogdoedvaldomagalhaes.com.br\/index.php\/wp-json\/wp\/v2\/posts"}],"about":[{"href":"https:\/\/blogdoedvaldomagalhaes.com.br\/index.php\/wp-json\/wp\/v2\/types\/post"}],"author":[{"embeddable":true,"href":"https:\/\/blogdoedvaldomagalhaes.com.br\/index.php\/wp-json\/wp\/v2\/users\/1"}],"replies":[{"embeddable":true,"href":"https:\/\/blogdoedvaldomagalhaes.com.br\/index.php\/wp-json\/wp\/v2\/comments?post=98332"}],"version-history":[{"count":3,"href":"https:\/\/blogdoedvaldomagalhaes.com.br\/index.php\/wp-json\/wp\/v2\/posts\/98332\/revisions"}],"predecessor-version":[{"id":98338,"href":"https:\/\/blogdoedvaldomagalhaes.com.br\/index.php\/wp-json\/wp\/v2\/posts\/98332\/revisions\/98338"}],"wp:featuredmedia":[{"embeddable":true,"href":"https:\/\/blogdoedvaldomagalhaes.com.br\/index.php\/wp-json\/wp\/v2\/media\/98333"}],"wp:attachment":[{"href":"https:\/\/blogdoedvaldomagalhaes.com.br\/index.php\/wp-json\/wp\/v2\/media?parent=98332"}],"wp:term":[{"taxonomy":"category","embeddable":true,"href":"https:\/\/blogdoedvaldomagalhaes.com.br\/index.php\/wp-json\/wp\/v2\/categories?post=98332"},{"taxonomy":"post_tag","embeddable":true,"href":"https:\/\/blogdoedvaldomagalhaes.com.br\/index.php\/wp-json\/wp\/v2\/tags?post=98332"}],"curies":[{"name":"wp","href":"https:\/\/api.w.org\/{rel}","templated":true}]}}