{"id":98325,"date":"2023-07-06T14:29:23","date_gmt":"2023-07-06T17:29:23","guid":{"rendered":"https:\/\/blogdoedvaldomagalhaes.com.br\/?p=98325"},"modified":"2023-07-06T14:30:09","modified_gmt":"2023-07-06T17:30:09","slug":"capacitacao-gratuita-sera-realizada-para-agentes-comunitarios-de-saude-em-caruaru","status":"publish","type":"post","link":"https:\/\/blogdoedvaldomagalhaes.com.br\/index.php\/2023\/07\/06\/capacitacao-gratuita-sera-realizada-para-agentes-comunitarios-de-saude-em-caruaru\/","title":{"rendered":"Capacita\u00e7\u00e3o gratuita ser\u00e1 realizada para Agentes Comunit\u00e1rios de Sa\u00fade, em Caruaru"},"content":{"rendered":"<p style=\"text-align: justify;\"><span style=\"font-size: revert;\">A Escola T\u00e9cnica CEAPE vai realizar uma capacita\u00e7\u00e3o gratuita destinada aos Agentes Comunit\u00e1rios de Sa\u00fade, \u00a0em Caruaru. O programa de treinamento ocorrer\u00e1 nos dias 7 e 14 de julho no Polo CEAPE Caruaru.<\/span><\/p>\n<p style=\"text-align: justify;\">A iniciativa visa fortalecer e aprimorar as habilidades dos Agentes Comunit\u00e1rios de Sa\u00fade, contribuindo para a presta\u00e7\u00e3o de um servi\u00e7o de sa\u00fade de qualidade nas comunidades locais. Em parceria com a prefeitura de Caruaru, a Escola T\u00e9cnica CEAPE oferecer\u00e1 um programa abrangente e de alta qualidade, sem custos para os agentes e para o munic\u00edpio.<\/p>\n<p style=\"text-align: justify;\">Durante o curso, os participantes ter\u00e3o acesso a conhecimentos atualizados e pr\u00e1ticas recomendadas no campo da sa\u00fade como Atualiza\u00e7\u00e3o em Sala de Vacinas, Manejo de Pacientes com Comorbidades, Assist\u00eancia a Pessoa Idosa e Primeiros Socorros B\u00e1sicos. Os t\u00f3picos abordados incluir\u00e3o atendimento prim\u00e1rio, sa\u00fade preventiva, epidemiologia, comunica\u00e7\u00e3o efetiva e gest\u00e3o de casos. O programa foi elaborado por profissionais especializados no setor de sa\u00fade, garantindo conte\u00fado relevante e aplic\u00e1vel.<\/p>\n<p style=\"text-align: justify;\">O Polo Caruaru do CEAPE fica localizado na R. Arquimedes de Oliveira, 312 &#8211; Agamenon Magalh\u00e3es, Caruaru. Foto: Divulga\u00e7\u00e3o.<\/p>\n<p style=\"text-align: justify;\">\u00a0Siga o Instagram do Blog @blogdoedvaldomagalhaes<\/p>\n<p style=\"text-align: justify;\">Se inscreva no canal do Blog no You Tube<\/p>\n","protected":false},"excerpt":{"rendered":"<p>A Escola T\u00e9cnica CEAPE vai realizar uma capacita\u00e7\u00e3o gratuita destinada aos Agentes Comunit\u00e1rios de Sa\u00fade, \u00a0em Caruaru. O programa de&hellip;<\/p>\n","protected":false},"author":1,"featured_media":98326,"comment_status":"closed","ping_status":"open","sticky":false,"template":"","format":"standard","meta":{"footnotes":""},"categories":[14120],"tags":[2,19532,27969,3406],"class_list":["post-98325","post","type-post","status-publish","format-standard","has-post-thumbnail","hentry","category-noticias","tag-blog-do-edvaldo-magalhaes","tag-blog-mais-acessado-e-visualizado-de-caruaru-e-regiao","tag-capacitacao-gratuita-sera-realizada-para-agentes-comunitarios-de-saude-em-caruaru","tag-caruaru"],"_links":{"self":[{"href":"https:\/\/blogdoedvaldomagalhaes.com.br\/index.php\/wp-json\/wp\/v2\/posts\/98325","targetHints":{"allow":["GET"]}}],"collection":[{"href":"https:\/\/blogdoedvaldomagalhaes.com.br\/index.php\/wp-json\/wp\/v2\/posts"}],"about":[{"href":"https:\/\/blogdoedvaldomagalhaes.com.br\/index.php\/wp-json\/wp\/v2\/types\/post"}],"author":[{"embeddable":true,"href":"https:\/\/blogdoedvaldomagalhaes.com.br\/index.php\/wp-json\/wp\/v2\/users\/1"}],"replies":[{"embeddable":true,"href":"https:\/\/blogdoedvaldomagalhaes.com.br\/index.php\/wp-json\/wp\/v2\/comments?post=98325"}],"version-history":[{"count":2,"href":"https:\/\/blogdoedvaldomagalhaes.com.br\/index.php\/wp-json\/wp\/v2\/posts\/98325\/revisions"}],"predecessor-version":[{"id":98328,"href":"https:\/\/blogdoedvaldomagalhaes.com.br\/index.php\/wp-json\/wp\/v2\/posts\/98325\/revisions\/98328"}],"wp:featuredmedia":[{"embeddable":true,"href":"https:\/\/blogdoedvaldomagalhaes.com.br\/index.php\/wp-json\/wp\/v2\/media\/98326"}],"wp:attachment":[{"href":"https:\/\/blogdoedvaldomagalhaes.com.br\/index.php\/wp-json\/wp\/v2\/media?parent=98325"}],"wp:term":[{"taxonomy":"category","embeddable":true,"href":"https:\/\/blogdoedvaldomagalhaes.com.br\/index.php\/wp-json\/wp\/v2\/categories?post=98325"},{"taxonomy":"post_tag","embeddable":true,"href":"https:\/\/blogdoedvaldomagalhaes.com.br\/index.php\/wp-json\/wp\/v2\/tags?post=98325"}],"curies":[{"name":"wp","href":"https:\/\/api.w.org\/{rel}","templated":true}]}}