{"id":98320,"date":"2023-07-06T10:28:31","date_gmt":"2023-07-06T13:28:31","guid":{"rendered":"https:\/\/blogdoedvaldomagalhaes.com.br\/?p=98320"},"modified":"2023-07-06T10:28:32","modified_gmt":"2023-07-06T13:28:32","slug":"prf-detem-dupla-em-carro-roubado-com-arma-dinheiro-e-identidade-falsa-de-agente-penitenciario","status":"publish","type":"post","link":"https:\/\/blogdoedvaldomagalhaes.com.br\/index.php\/2023\/07\/06\/prf-detem-dupla-em-carro-roubado-com-arma-dinheiro-e-identidade-falsa-de-agente-penitenciario\/","title":{"rendered":"PRF det\u00e9m dupla em carro roubado, com arma, dinheiro e identidade falsa de agente penitenci\u00e1rio"},"content":{"rendered":"<p style=\"text-align: justify;\"><span style=\"color: initial; font-size: revert;\">Pistola, muni\u00e7\u00f5es, coletes bal\u00edsticos, identidade de agente penitenci\u00e1rio com ind\u00edcios de falsifica\u00e7\u00e3o, r\u00e1dio comunicador, sirene, touca balaclava e mais de R$5 mil foram encontrados pela Pol\u00edcia Rodovi\u00e1ria Federal (PRF), nesta quinta-feira (6), na BR 232, em Jaboat\u00e3o dos Guararapes, no Grande Recife. O material era transportado em um carro roubado por dois homens que foram detidos na a\u00e7\u00e3o.<\/span><\/p>\n<p style=\"text-align: justify;\">Policiais do Grupo de Patrulhamento T\u00e1tico da PRF realizavam uma fiscaliza\u00e7\u00e3o no Curado, quando perceberam que o motorista de um carro tentou se esconder atr\u00e1s de um caminh\u00e3o, para n\u00e3o ser abordado. Ao ser parado, o condutor informou que era agente penitenci\u00e1rio e que possu\u00eda uma empresa de vigil\u00e2ncia privada, mas n\u00e3o tinha o porte da arma que era transportada.<\/p>\n<p style=\"text-align: justify;\">Al\u00e9m da pistola .40, foram encontrados 29 muni\u00e7\u00f5es do mesmo calibre, cinco cartuchos de muni\u00e7\u00e3o calibre 12 e tr\u00eas coletes bal\u00edsticos. Em consulta ao ve\u00edculo, foi descoberto que havia uma queixa de roubo desde agosto do ano passado no Ibura.<\/p>\n<p style=\"text-align: justify;\">Posteriormente, o homem disse que era um ex-agente administrativo da institui\u00e7\u00e3o policial e que havia adquirido o ve\u00edculo por meio de um an\u00fancio na internet. Sobre o dinheiro, ele informou que seria para pagar um funcion\u00e1rio da suposta empresa de vigil\u00e2ncia.<\/p>\n<p style=\"text-align: justify;\">O motorista foi encaminhado junto com o passageiro e o material \u00e0 Central de Plant\u00f5es da Capital, em Campo Grande, na Zona Norte do Recife. O propriet\u00e1rio do carro foi contactado e disse que o ve\u00edculo n\u00e3o possu\u00eda seguro.<\/p>\n<p style=\"text-align: justify;\">Se inscreva no canal do Blog You Tube<\/p>\n<p style=\"text-align: justify;\">Siga o Instagram do Blog @blogdoedvaldomagalhaes<\/p>\n\n\n<figure class=\"wp-block-image size-full\"><img loading=\"lazy\" decoding=\"async\" width=\"1024\" height=\"768\" src=\"https:\/\/blogdoedvaldomagalhaes.com.br\/wp-content\/uploads\/2023\/07\/IMG-20230706-WA0047.jpg\" alt=\"\" class=\"wp-image-98321\" srcset=\"https:\/\/blogdoedvaldomagalhaes.com.br\/wp-content\/uploads\/2023\/07\/IMG-20230706-WA0047.jpg 1024w, https:\/\/blogdoedvaldomagalhaes.com.br\/wp-content\/uploads\/2023\/07\/IMG-20230706-WA0047-300x225.jpg 300w, https:\/\/blogdoedvaldomagalhaes.com.br\/wp-content\/uploads\/2023\/07\/IMG-20230706-WA0047-768x576.jpg 768w, https:\/\/blogdoedvaldomagalhaes.com.br\/wp-content\/uploads\/2023\/07\/IMG-20230706-WA0047-160x120.jpg 160w\" sizes=\"auto, (max-width: 1024px) 100vw, 1024px\" \/><\/figure>\n\n\n\n<figure class=\"wp-block-image size-full\"><img loading=\"lazy\" decoding=\"async\" width=\"1024\" height=\"768\" src=\"https:\/\/blogdoedvaldomagalhaes.com.br\/wp-content\/uploads\/2023\/07\/IMG-20230706-WA0044.jpg\" alt=\"\" class=\"wp-image-98323\" srcset=\"https:\/\/blogdoedvaldomagalhaes.com.br\/wp-content\/uploads\/2023\/07\/IMG-20230706-WA0044.jpg 1024w, https:\/\/blogdoedvaldomagalhaes.com.br\/wp-content\/uploads\/2023\/07\/IMG-20230706-WA0044-300x225.jpg 300w, https:\/\/blogdoedvaldomagalhaes.com.br\/wp-content\/uploads\/2023\/07\/IMG-20230706-WA0044-768x576.jpg 768w, https:\/\/blogdoedvaldomagalhaes.com.br\/wp-content\/uploads\/2023\/07\/IMG-20230706-WA0044-160x120.jpg 160w\" sizes=\"auto, (max-width: 1024px) 100vw, 1024px\" \/><figcaption class=\"wp-element-caption\">Fotos: Divulga\u00e7\u00e3o\/PRF<\/figcaption><\/figure>\n","protected":false},"excerpt":{"rendered":"<p>Pistola, muni\u00e7\u00f5es, coletes bal\u00edsticos, identidade de agente penitenci\u00e1rio com ind\u00edcios de falsifica\u00e7\u00e3o, r\u00e1dio comunicador, sirene, touca balaclava e mais de&hellip;<\/p>\n","protected":false},"author":1,"featured_media":98322,"comment_status":"closed","ping_status":"open","sticky":false,"template":"","format":"standard","meta":{"footnotes":""},"categories":[14121],"tags":[2,19532,3406,27968],"class_list":["post-98320","post","type-post","status-publish","format-standard","has-post-thumbnail","hentry","category-policial","tag-blog-do-edvaldo-magalhaes","tag-blog-mais-acessado-e-visualizado-de-caruaru-e-regiao","tag-caruaru","tag-prf-detem-dupla-em-carro-roubado-com-arma-dinheiro-e-identidade-falsa-de-agente-penitenciario"],"_links":{"self":[{"href":"https:\/\/blogdoedvaldomagalhaes.com.br\/index.php\/wp-json\/wp\/v2\/posts\/98320","targetHints":{"allow":["GET"]}}],"collection":[{"href":"https:\/\/blogdoedvaldomagalhaes.com.br\/index.php\/wp-json\/wp\/v2\/posts"}],"about":[{"href":"https:\/\/blogdoedvaldomagalhaes.com.br\/index.php\/wp-json\/wp\/v2\/types\/post"}],"author":[{"embeddable":true,"href":"https:\/\/blogdoedvaldomagalhaes.com.br\/index.php\/wp-json\/wp\/v2\/users\/1"}],"replies":[{"embeddable":true,"href":"https:\/\/blogdoedvaldomagalhaes.com.br\/index.php\/wp-json\/wp\/v2\/comments?post=98320"}],"version-history":[{"count":1,"href":"https:\/\/blogdoedvaldomagalhaes.com.br\/index.php\/wp-json\/wp\/v2\/posts\/98320\/revisions"}],"predecessor-version":[{"id":98324,"href":"https:\/\/blogdoedvaldomagalhaes.com.br\/index.php\/wp-json\/wp\/v2\/posts\/98320\/revisions\/98324"}],"wp:featuredmedia":[{"embeddable":true,"href":"https:\/\/blogdoedvaldomagalhaes.com.br\/index.php\/wp-json\/wp\/v2\/media\/98322"}],"wp:attachment":[{"href":"https:\/\/blogdoedvaldomagalhaes.com.br\/index.php\/wp-json\/wp\/v2\/media?parent=98320"}],"wp:term":[{"taxonomy":"category","embeddable":true,"href":"https:\/\/blogdoedvaldomagalhaes.com.br\/index.php\/wp-json\/wp\/v2\/categories?post=98320"},{"taxonomy":"post_tag","embeddable":true,"href":"https:\/\/blogdoedvaldomagalhaes.com.br\/index.php\/wp-json\/wp\/v2\/tags?post=98320"}],"curies":[{"name":"wp","href":"https:\/\/api.w.org\/{rel}","templated":true}]}}