{"id":98306,"date":"2023-07-05T20:08:59","date_gmt":"2023-07-05T23:08:59","guid":{"rendered":"https:\/\/blogdoedvaldomagalhaes.com.br\/?p=98306"},"modified":"2023-07-05T20:09:00","modified_gmt":"2023-07-05T23:09:00","slug":"programa-caruaru-ganha-com-a-nota-vai-sortear-premios-em-dinheiro-e-um-carro-zero-km","status":"publish","type":"post","link":"https:\/\/blogdoedvaldomagalhaes.com.br\/index.php\/2023\/07\/05\/programa-caruaru-ganha-com-a-nota-vai-sortear-premios-em-dinheiro-e-um-carro-zero-km\/","title":{"rendered":"\u2018Programa Caruaru Ganha com a Nota&#8217; vai sortear pr\u00eamios em dinheiro e um carro zero km"},"content":{"rendered":"<p style=\"text-align: justify;\"><span style=\"color: initial; font-size: revert;\">A Secretaria da Fazenda de Caruaru (Sefaz), publicou a Lei Municipal n\u00ba 7.043, de 20 de junho de 2023, que regulamenta o sistema de sorteio de pr\u00eamios e de gera\u00e7\u00e3o de cr\u00e9ditos, que garante o desconto sobre Imposto Predial e Territorial Urbano (IPTU).<\/span><\/p>\n<p style=\"text-align: justify;\">De forma simples e pr\u00e1tica, o programa beneficia consumidores com a possibilidade de participar de sorteios de pr\u00eamios e abatimento de cr\u00e9dito no IPTU. Com isso, qualquer servi\u00e7o utilizado em escolas particulares, faculdades, sal\u00f5es de beleza, estacionamentos, hot\u00e9is e academias v\u00e3o trazer benef\u00edcios diretos para a popula\u00e7\u00e3o.<\/p>\n<p style=\"text-align: justify;\">Para poder participar, basta realizar o cadastro no site: https:\/\/cgn.caruaru.pe.gov.br, a partir do dia 10\/07\/2023 \u00e0 31\/12\/2023 e preencher o formul\u00e1rio com as seguintes informa\u00e7\u00f5es: nome completo, endere\u00e7o, n\u00famero de inscri\u00e7\u00e3o no Cadastro de Pessoas F\u00edsicas (CPF), telefone para contato, endere\u00e7o eletr\u00f4nico (e-mail) e aceita\u00e7\u00e3o do termo que consta no Anexo I do Decreto. Ap\u00f3s o cadastro, o participante deve acompanhar o sorteio pela Loteria Federal.<\/p>\n<p style=\"text-align: justify;\">S\u00e3o diversas premia\u00e7\u00f5es, entre elas: pr\u00eamios em dinheiro. Um no valor de R$ 10.000,00 (dez mil reais) e outro no valor de R$ 20.000,00 (vinte mil reais). Esses valores podem ser utilizados para compensar os d\u00e9bitos do sorteado em impostos municipais como o IPTU. Al\u00e9m dos pr\u00eamios em dinheiro tamb\u00e9m ser\u00e1 sorteado um carro. Os sorteios ser\u00e3o realizados nos dias 27\/09\/2023, primeiro pr\u00eamio, 29\/11\/2023, segundo pr\u00eamio e 10\/01\/2024, o terceiro pr\u00eamio.<\/p>\n<p style=\"text-align: justify;\">\u201cAtrav\u00e9s da educa\u00e7\u00e3o fiscal, o programa ajudar\u00e1 a combater a sonega\u00e7\u00e3o de impostos, gerando mais recursos para investimentos e melhorias na cidade. \u00c9 mais um benef\u00edcio criado com um olhar atencioso da gest\u00e3o municipal para a popula\u00e7\u00e3o caruruense\u201d, disse a secret\u00e1ria da Secretaria da Fazenda, Andr\u00e9a Ribeiro.<\/p>\n<p>Se inscreva no canal do Blog no You Tube<\/p>\n<p style=\"text-align: justify;\">Siga o Instagram do Blog @blogdoedvaldomagalhaes<\/p>\n\n\n<figure class=\"wp-block-image size-large\"><img loading=\"lazy\" decoding=\"async\" width=\"1024\" height=\"683\" src=\"https:\/\/blogdoedvaldomagalhaes.com.br\/wp-content\/uploads\/2023\/07\/IMG-20230705-WA0160-1024x683.jpg\" alt=\"\" class=\"wp-image-98308\" srcset=\"https:\/\/blogdoedvaldomagalhaes.com.br\/wp-content\/uploads\/2023\/07\/IMG-20230705-WA0160-1024x683.jpg 1024w, https:\/\/blogdoedvaldomagalhaes.com.br\/wp-content\/uploads\/2023\/07\/IMG-20230705-WA0160-300x200.jpg 300w, https:\/\/blogdoedvaldomagalhaes.com.br\/wp-content\/uploads\/2023\/07\/IMG-20230705-WA0160-768x512.jpg 768w, https:\/\/blogdoedvaldomagalhaes.com.br\/wp-content\/uploads\/2023\/07\/IMG-20230705-WA0160-1536x1024.jpg 1536w, https:\/\/blogdoedvaldomagalhaes.com.br\/wp-content\/uploads\/2023\/07\/IMG-20230705-WA0160.jpg 1600w\" sizes=\"auto, (max-width: 1024px) 100vw, 1024px\" \/><figcaption class=\"wp-element-caption\">Fotos: Elvis \u00c9dson<\/figcaption><\/figure>\n","protected":false},"excerpt":{"rendered":"<p>A Secretaria da Fazenda de Caruaru (Sefaz), publicou a Lei Municipal n\u00ba 7.043, de 20 de junho de 2023, que&hellip;<\/p>\n","protected":false},"author":1,"featured_media":98307,"comment_status":"closed","ping_status":"open","sticky":false,"template":"","format":"standard","meta":{"footnotes":""},"categories":[14120],"tags":[27964,2,19532,3406],"class_list":["post-98306","post","type-post","status-publish","format-standard","has-post-thumbnail","hentry","category-noticias","tag-programa-caruaru-ganha-com-a-nota-vai-sortear-premios-em-dinheiro-e-um-carro-zero-km","tag-blog-do-edvaldo-magalhaes","tag-blog-mais-acessado-e-visualizado-de-caruaru-e-regiao","tag-caruaru"],"_links":{"self":[{"href":"https:\/\/blogdoedvaldomagalhaes.com.br\/index.php\/wp-json\/wp\/v2\/posts\/98306","targetHints":{"allow":["GET"]}}],"collection":[{"href":"https:\/\/blogdoedvaldomagalhaes.com.br\/index.php\/wp-json\/wp\/v2\/posts"}],"about":[{"href":"https:\/\/blogdoedvaldomagalhaes.com.br\/index.php\/wp-json\/wp\/v2\/types\/post"}],"author":[{"embeddable":true,"href":"https:\/\/blogdoedvaldomagalhaes.com.br\/index.php\/wp-json\/wp\/v2\/users\/1"}],"replies":[{"embeddable":true,"href":"https:\/\/blogdoedvaldomagalhaes.com.br\/index.php\/wp-json\/wp\/v2\/comments?post=98306"}],"version-history":[{"count":1,"href":"https:\/\/blogdoedvaldomagalhaes.com.br\/index.php\/wp-json\/wp\/v2\/posts\/98306\/revisions"}],"predecessor-version":[{"id":98309,"href":"https:\/\/blogdoedvaldomagalhaes.com.br\/index.php\/wp-json\/wp\/v2\/posts\/98306\/revisions\/98309"}],"wp:featuredmedia":[{"embeddable":true,"href":"https:\/\/blogdoedvaldomagalhaes.com.br\/index.php\/wp-json\/wp\/v2\/media\/98307"}],"wp:attachment":[{"href":"https:\/\/blogdoedvaldomagalhaes.com.br\/index.php\/wp-json\/wp\/v2\/media?parent=98306"}],"wp:term":[{"taxonomy":"category","embeddable":true,"href":"https:\/\/blogdoedvaldomagalhaes.com.br\/index.php\/wp-json\/wp\/v2\/categories?post=98306"},{"taxonomy":"post_tag","embeddable":true,"href":"https:\/\/blogdoedvaldomagalhaes.com.br\/index.php\/wp-json\/wp\/v2\/tags?post=98306"}],"curies":[{"name":"wp","href":"https:\/\/api.w.org\/{rel}","templated":true}]}}