{"id":98303,"date":"2023-07-05T19:13:57","date_gmt":"2023-07-05T22:13:57","guid":{"rendered":"https:\/\/blogdoedvaldomagalhaes.com.br\/?p=98303"},"modified":"2023-07-05T19:13:58","modified_gmt":"2023-07-05T22:13:58","slug":"em-brasilia-vereador-jorge-quintino-busca-trazer-melhorias-para-caruaru-e-todo-agreste-pernambucano","status":"publish","type":"post","link":"https:\/\/blogdoedvaldomagalhaes.com.br\/index.php\/2023\/07\/05\/em-brasilia-vereador-jorge-quintino-busca-trazer-melhorias-para-caruaru-e-todo-agreste-pernambucano\/","title":{"rendered":"Em Bras\u00edlia, vereador Jorge Quintino busca trazer melhorias para Caruaru e todo Agreste Pernambucano"},"content":{"rendered":"<p style=\"text-align: justify;\"><span style=\"color: initial; font-size: revert;\">Na tarde desta quarta-feira (05), o vereador dialogou com o chefe de gabinete do ministro das Cidades Silvio Arthur Pereira.<\/span><\/p>\n<p style=\"text-align: justify;\">O vereador Jorge Quintino (SD), representante do munic\u00edpio de Caruaru, embarcou nesta \u00faltima semana para Bras\u00edlia com o objetivo de se reunir com algumas autoridades pol\u00edticas. A visita tem como objetivo discutir quest\u00f5es relacionadas ao desenvolvimento urbano e buscar solu\u00e7\u00f5es para os desafios enfrentados pela cidade.<\/p>\n<p style=\"text-align: justify;\">Durante a reuni\u00e3o, o vereador Jorge Quintino apresentar\u00e1 demandas e propostas para melhorias na infraestrutura urbana, habita\u00e7\u00e3o, mobilidade, educa\u00e7\u00e3o e saneamento b\u00e1sico. Al\u00e9m disso, ele buscar\u00e1 informa\u00e7\u00f5es sobre programas e recursos dispon\u00edveis do Minist\u00e9rio das Cidades que possam ser aplicados no munic\u00edpio. O encontro \u00e9 uma oportunidade para estabelecer um di\u00e1logo direto com o chefe de gabinete do ministro das Cidades, visando fortalecer a parceria entre o munic\u00edpio e o governo federal. O vereador Jorge Quintino est\u00e1 empenhado em buscar recursos e apoio para promover o desenvolvimento sustent\u00e1vel e melhorar a qualidade de vida dos cidad\u00e3os de Caruaru.<\/p>\n<p style=\"text-align: justify;\">O vereador Jorge Quintino ressalta a import\u00e2ncia dessa visita e destaca que a participa\u00e7\u00e3o ativa na busca por solu\u00e7\u00f5es \u00e9 fundamental para o progresso da cidade. Ele reafirma seu compromisso em representar os interesses da popula\u00e7\u00e3o e trabalhar incansavelmente para garantir o desenvolvimento e bem-estar de todos. Ap\u00f3s a reuni\u00e3o em Bras\u00edlia, o vereador Jorge Quintino retornar\u00e1 ao munic\u00edpio de Caruaru com informa\u00e7\u00f5es e encaminhamentos que ser\u00e3o compartilhados com a popula\u00e7\u00e3o. Ele se compromete a manter a transpar\u00eancia e a prestar contas de suas a\u00e7\u00f5es em prol do munic\u00edpio. Foto: Divulga\u00e7\u00e3o.<\/p>\n<p style=\"text-align: justify;\">Se inscreva no canal do Blog no You Tube<\/p>\n<p style=\"text-align: justify;\">Siga o Instagram do Blog @blogdoedvaldomagalhaes<\/p>\n","protected":false},"excerpt":{"rendered":"<p>Na tarde desta quarta-feira (05), o vereador dialogou com o chefe de gabinete do ministro das Cidades Silvio Arthur Pereira.&hellip;<\/p>\n","protected":false},"author":1,"featured_media":98304,"comment_status":"closed","ping_status":"open","sticky":false,"template":"","format":"standard","meta":{"footnotes":""},"categories":[14122],"tags":[2,19532,3406,27963,20],"class_list":["post-98303","post","type-post","status-publish","format-standard","has-post-thumbnail","hentry","category-politica","tag-blog-do-edvaldo-magalhaes","tag-blog-mais-acessado-e-visualizado-de-caruaru-e-regiao","tag-caruaru","tag-em-brasilia-vereador-jorge-quintino-busca-trazer-melhorias-para-caruaru-e-todo-agreste-pernambucano","tag-politica"],"_links":{"self":[{"href":"https:\/\/blogdoedvaldomagalhaes.com.br\/index.php\/wp-json\/wp\/v2\/posts\/98303","targetHints":{"allow":["GET"]}}],"collection":[{"href":"https:\/\/blogdoedvaldomagalhaes.com.br\/index.php\/wp-json\/wp\/v2\/posts"}],"about":[{"href":"https:\/\/blogdoedvaldomagalhaes.com.br\/index.php\/wp-json\/wp\/v2\/types\/post"}],"author":[{"embeddable":true,"href":"https:\/\/blogdoedvaldomagalhaes.com.br\/index.php\/wp-json\/wp\/v2\/users\/1"}],"replies":[{"embeddable":true,"href":"https:\/\/blogdoedvaldomagalhaes.com.br\/index.php\/wp-json\/wp\/v2\/comments?post=98303"}],"version-history":[{"count":1,"href":"https:\/\/blogdoedvaldomagalhaes.com.br\/index.php\/wp-json\/wp\/v2\/posts\/98303\/revisions"}],"predecessor-version":[{"id":98305,"href":"https:\/\/blogdoedvaldomagalhaes.com.br\/index.php\/wp-json\/wp\/v2\/posts\/98303\/revisions\/98305"}],"wp:featuredmedia":[{"embeddable":true,"href":"https:\/\/blogdoedvaldomagalhaes.com.br\/index.php\/wp-json\/wp\/v2\/media\/98304"}],"wp:attachment":[{"href":"https:\/\/blogdoedvaldomagalhaes.com.br\/index.php\/wp-json\/wp\/v2\/media?parent=98303"}],"wp:term":[{"taxonomy":"category","embeddable":true,"href":"https:\/\/blogdoedvaldomagalhaes.com.br\/index.php\/wp-json\/wp\/v2\/categories?post=98303"},{"taxonomy":"post_tag","embeddable":true,"href":"https:\/\/blogdoedvaldomagalhaes.com.br\/index.php\/wp-json\/wp\/v2\/tags?post=98303"}],"curies":[{"name":"wp","href":"https:\/\/api.w.org\/{rel}","templated":true}]}}