{"id":98295,"date":"2023-07-05T18:41:54","date_gmt":"2023-07-05T21:41:54","guid":{"rendered":"https:\/\/blogdoedvaldomagalhaes.com.br\/?p=98295"},"modified":"2023-07-05T18:41:55","modified_gmt":"2023-07-05T21:41:55","slug":"polo-sao-paulo-2023-com-atracoes-artisticas-e-culturais-em-caruaru-comeca-nesta-quinta-6","status":"publish","type":"post","link":"https:\/\/blogdoedvaldomagalhaes.com.br\/index.php\/2023\/07\/05\/polo-sao-paulo-2023-com-atracoes-artisticas-e-culturais-em-caruaru-comeca-nesta-quinta-6\/","title":{"rendered":"Polo S\u00e3o Paulo 2023 com atra\u00e7\u00f5es art\u00edsticas e culturais, em Caruaru, come\u00e7a nesta quinta (6)"},"content":{"rendered":"<p style=\"text-align: justify;\"><span style=\"color: initial; font-size: revert;\">A Par\u00f3quia S\u00e3o Paulo Ap\u00f3stolo, localizada no bairro S\u00e3o Jo\u00e3o da Esc\u00f3cia, em Caruaru, est\u00e1 celebrando a Festa do seu Padroeiro, o Ap\u00f3stolo S\u00e3o Paulo, desde o dia 29 de junho. A Festa, que ser\u00e1 conclu\u00edda neste domingo (09), cont\u00e9m na programa\u00e7\u00e3o a Novena de S\u00e3o Paulo, Missas presididas por padres convidados, prociss\u00f5es e tamb\u00e9m atra\u00e7\u00f5es art\u00edsticas e culturais, al\u00e9m de quermesse. Mas a partir desta quinta-feira (06) ser\u00e1 aberto o Polo S\u00e3o Paulo, com uma estrutura maior e artistas locais, para animar a festa.<\/span><\/p>\n<p style=\"text-align: justify;\">O Polo S\u00e3o Paulo foi uma iniciativa do P\u00e1roco, Pe. Jerffeson Adelino, &#8220;fazendo refer\u00eancia aos polos do S\u00e3o Jo\u00e3o de Caruaru, sendo mais um espa\u00e7o cultural e art\u00edstico neste per\u00edodo junino&#8221;. &#8220;A primeira edi\u00e7\u00e3o do Polo foi em 2022. Como no m\u00eas de junho a nossa cidade conta com v\u00e1rios Polos, distribu\u00eddos em v\u00e1rios bairros, ent\u00e3o pensei: porque n\u00e3o criarmos mais um polo dentro da Festa de S\u00e3o Paulo Ap\u00f3stolo? Foi ent\u00e3o que inauguramos o ano passado, com v\u00e1rios artistas, al\u00e9m da quermesse, quadrilhas juninas, bingo e divers\u00e3o para as crian\u00e7as na barraca da pescaria&#8221;, disse o sacerdote.<\/p>\n<p style=\"text-align: justify;\">Na edi\u00e7\u00e3o deste ano algumas novidades est\u00e3o chegando, como a melhoria da pescaria de brinquedos para as crian\u00e7as, com um novo formato; disciplinadores ser\u00e3o colocados pra deixar o local mais seguro; ter\u00e1 cama el\u00e1stica para as crian\u00e7as e a tenda dos enamorados para fazer fotos. Em rela\u00e7\u00e3o \u00e0s atra\u00e7\u00f5es, estar\u00e3o se apresentando durante o evento: J\u00e1der Nascimento, Josy, Forr\u00f3 Stibado e Leidinha Santos, que foi a vencedora do Vem dan\u00e7ar forr\u00f3 2023, concurso promovida pela TV Asa Branca. No s\u00e1bado, dia 8, acontecer\u00e1 um bingo em prol da Festa, de uma m\u00e1quina de lavar roupa 12kg, uma Smartv 50&#8242; e um Smartphone 5h.<\/p>\n<p style=\"text-align: justify;\">Confira a programa\u00e7\u00e3o religiosa e art\u00edstica da Festa de S\u00e3o Paulo Ap\u00f3stolo 2023, a partir desta quinta-feira (6):<\/p>\n<p style=\"text-align: justify;\">Quinta, dia 6 de junho<br \/>\n19h: Novena de S\u00e3o Paulo<br \/>\n19h30: Santa Missa presidida pelo Pe. Jos\u00e9 Valter da Silva<br \/>\n20h45: Quermesse e show de J\u00e1der Nascimento no Polo S\u00e3o Paulo<\/p>\n<p style=\"text-align: justify;\">Sexta, dia 7 de junho<br \/>\n19h: Novena de S\u00e3o Paulo<br \/>\n19h30: Santa Missa presidida pelo Pe. Alu\u00edzio Ricardo Aleixo<br \/>\n20h45: Quermesse, apresenta\u00e7\u00e3o de quadrilhas e show de Josy no Polo S\u00e3o Paulo<\/p>\n<p style=\"text-align: justify;\">S\u00e1bado, dia 8 de junho<br \/>\n19h: Novena de S\u00e3o Paulo<br \/>\n19h30: Santa Missa presidida pelo Pe. Jo\u00e3o Paulo de Ara\u00fajo Gomes<br \/>\n20h45: Quermesse, show de Forr\u00f3 Stibado e bingo<\/p>\n<p style=\"text-align: justify;\">Domingo, dia 9 de junho<br \/>\n18h: Prociss\u00e3o com a imagem de S\u00e3o Paulo pelas ruas do bairro<br \/>\n19h: Missa de encerramento da Festa presidida pelo Pe. Jerffeson Adelino<br \/>\n20h30: Quermesse e show de Leidinha Santos<\/p>\n<p style=\"text-align: justify;\">A Par\u00f3quia S\u00e3o Paulo Ap\u00f3stolo e o Polo S\u00e3o Paulo ficam na Rua Vinte, no S\u00e3o Jo\u00e3o da Esc\u00f3cia, pr\u00f3ximos \u00e0 Academia das Cidades. Todos s\u00e3o convidados a participar. Foto: Divulga\u00e7\u00e3o.<\/p>\n<p style=\"text-align: justify;\">Se inscreva no canal do Blog no You Tube<\/p>\n<p style=\"text-align: justify;\">Siga o Instagram do Blog @blogdoedvaldomagalhaes<\/p>\n","protected":false},"excerpt":{"rendered":"<p>A Par\u00f3quia S\u00e3o Paulo Ap\u00f3stolo, localizada no bairro S\u00e3o Jo\u00e3o da Esc\u00f3cia, em Caruaru, est\u00e1 celebrando a Festa do seu&hellip;<\/p>\n","protected":false},"author":1,"featured_media":98296,"comment_status":"closed","ping_status":"open","sticky":false,"template":"","format":"standard","meta":{"footnotes":""},"categories":[14120],"tags":[2,19532,3406,27961],"class_list":["post-98295","post","type-post","status-publish","format-standard","has-post-thumbnail","hentry","category-noticias","tag-blog-do-edvaldo-magalhaes","tag-blog-mais-acessado-e-visualizado-de-caruaru-e-regiao","tag-caruaru","tag-polo-sao-paulo-2023-com-atracoes-artisticas-e-culturais-em-caruaru-comeca-nesta-quinta-6"],"_links":{"self":[{"href":"https:\/\/blogdoedvaldomagalhaes.com.br\/index.php\/wp-json\/wp\/v2\/posts\/98295","targetHints":{"allow":["GET"]}}],"collection":[{"href":"https:\/\/blogdoedvaldomagalhaes.com.br\/index.php\/wp-json\/wp\/v2\/posts"}],"about":[{"href":"https:\/\/blogdoedvaldomagalhaes.com.br\/index.php\/wp-json\/wp\/v2\/types\/post"}],"author":[{"embeddable":true,"href":"https:\/\/blogdoedvaldomagalhaes.com.br\/index.php\/wp-json\/wp\/v2\/users\/1"}],"replies":[{"embeddable":true,"href":"https:\/\/blogdoedvaldomagalhaes.com.br\/index.php\/wp-json\/wp\/v2\/comments?post=98295"}],"version-history":[{"count":1,"href":"https:\/\/blogdoedvaldomagalhaes.com.br\/index.php\/wp-json\/wp\/v2\/posts\/98295\/revisions"}],"predecessor-version":[{"id":98297,"href":"https:\/\/blogdoedvaldomagalhaes.com.br\/index.php\/wp-json\/wp\/v2\/posts\/98295\/revisions\/98297"}],"wp:featuredmedia":[{"embeddable":true,"href":"https:\/\/blogdoedvaldomagalhaes.com.br\/index.php\/wp-json\/wp\/v2\/media\/98296"}],"wp:attachment":[{"href":"https:\/\/blogdoedvaldomagalhaes.com.br\/index.php\/wp-json\/wp\/v2\/media?parent=98295"}],"wp:term":[{"taxonomy":"category","embeddable":true,"href":"https:\/\/blogdoedvaldomagalhaes.com.br\/index.php\/wp-json\/wp\/v2\/categories?post=98295"},{"taxonomy":"post_tag","embeddable":true,"href":"https:\/\/blogdoedvaldomagalhaes.com.br\/index.php\/wp-json\/wp\/v2\/tags?post=98295"}],"curies":[{"name":"wp","href":"https:\/\/api.w.org\/{rel}","templated":true}]}}