{"id":98292,"date":"2023-07-05T18:21:27","date_gmt":"2023-07-05T21:21:27","guid":{"rendered":"https:\/\/blogdoedvaldomagalhaes.com.br\/?p=98292"},"modified":"2023-07-05T18:21:28","modified_gmt":"2023-07-05T21:21:28","slug":"inscricoes-abertas-para-o-curso-gratuito-de-midias-sociais-em-caruaru","status":"publish","type":"post","link":"https:\/\/blogdoedvaldomagalhaes.com.br\/index.php\/2023\/07\/05\/inscricoes-abertas-para-o-curso-gratuito-de-midias-sociais-em-caruaru\/","title":{"rendered":"Inscri\u00e7\u00f5es abertas para o curso gratuito de M\u00eddias Sociais, em Caruaru"},"content":{"rendered":"<p style=\"text-align: justify;\"><span style=\"color: initial; font-size: revert;\">A secretaria de Desenvolvimento Social e Direitos Humanos (SDSDH) e Programa Qualifica Caruaru, abre vagas para o curso de M\u00eddias Sociais. As inscri\u00e7\u00f5es devem ser feitas na plataforma do programa (http:\/\/qualifica.caruaru.pe.gov.br) e no CRAS Maria Auxiliadora. A capacita\u00e7\u00e3o ser\u00e1 realizada na Pracinha da Cultura Compositor Carlos Fernando, localizada na Avenida Caruaru, n\u00ba 123, Jardim Boa Vista.<\/span><\/p>\n<p style=\"text-align: justify;\">Podem se inscrever pessoas a partir dos 16 anos, que tenham conclu\u00eddo ou estejam cursando o ensino fundamental. O curso ter\u00e1 a carga hor\u00e1ria de 30 horas. As aulas acontecer\u00e3o de 10 a 21 de julho, pela manh\u00e3, de segunda e a sexta-feira e contemplar\u00e1 pessoas que possuem empreendimentos ou que desejam empreender no seguimento digital.<\/p>\n<p style=\"text-align: justify;\">O curso de M\u00eddias sociais tem como objetivo capacitar o aluno a compreender conceitos b\u00e1sicos das m\u00eddias sociais, a import\u00e2ncia dessas m\u00eddias na sociedade e suas funcionalidades. Visando a trabalhar com produ\u00e7\u00e3o de conte\u00fado, administra\u00e7\u00e3o de redes socais, fortalecimento de marcas e relacionamento com o p\u00fablico em ag\u00eancias de comunica\u00e7\u00e3o ou em empresas.<\/p>\n<p style=\"text-align: justify;\">\u201cO nosso objetivo \u00e9 que os alunos saiam do curso direto para o mercado de trabalho, com experi\u00eancia e sabendo efetuar tarefas como, a organiza\u00e7\u00e3o de um perfil mais eficiente no instagram, gerenciar an\u00fancios no facebook e youtube, utilizando t\u00e9cnicas de fotografias para desenvolvimento de conte\u00fados para vendas e criando artes nas plataformas digitais\u201d, afirmou a gerente adjunta da Prote\u00e7\u00e3o Social B\u00e1sica, Emanuela Nunes.<\/p>\n<p style=\"text-align: justify;\">Outras informa\u00e7\u00f5es podem ser obtidas pelo telefone (81) 99129-4031 ou na sede do Programa Qualifica Caruaru, localizada na Rua Armando da Fonte, N\u00ba 197, no bairro Maur\u00edcio de Nassau.<\/p>\n<p style=\"text-align: justify;\">Se inscreva no canal do Blog no You Tube<\/p>\n<p style=\"text-align: justify;\">Siga o Instagram do Blog @blogdoedvaldomagalhaes<\/p>\n","protected":false},"excerpt":{"rendered":"<p>A secretaria de Desenvolvimento Social e Direitos Humanos (SDSDH) e Programa Qualifica Caruaru, abre vagas para o curso de M\u00eddias&hellip;<\/p>\n","protected":false},"author":1,"featured_media":98293,"comment_status":"closed","ping_status":"open","sticky":false,"template":"","format":"standard","meta":{"footnotes":""},"categories":[14120],"tags":[2,19532,3406,27960],"class_list":["post-98292","post","type-post","status-publish","format-standard","has-post-thumbnail","hentry","category-noticias","tag-blog-do-edvaldo-magalhaes","tag-blog-mais-acessado-e-visualizado-de-caruaru-e-regiao","tag-caruaru","tag-inscricoes-abertas-para-o-curso-gratuito-de-midias-sociais-em-caruaru"],"_links":{"self":[{"href":"https:\/\/blogdoedvaldomagalhaes.com.br\/index.php\/wp-json\/wp\/v2\/posts\/98292","targetHints":{"allow":["GET"]}}],"collection":[{"href":"https:\/\/blogdoedvaldomagalhaes.com.br\/index.php\/wp-json\/wp\/v2\/posts"}],"about":[{"href":"https:\/\/blogdoedvaldomagalhaes.com.br\/index.php\/wp-json\/wp\/v2\/types\/post"}],"author":[{"embeddable":true,"href":"https:\/\/blogdoedvaldomagalhaes.com.br\/index.php\/wp-json\/wp\/v2\/users\/1"}],"replies":[{"embeddable":true,"href":"https:\/\/blogdoedvaldomagalhaes.com.br\/index.php\/wp-json\/wp\/v2\/comments?post=98292"}],"version-history":[{"count":1,"href":"https:\/\/blogdoedvaldomagalhaes.com.br\/index.php\/wp-json\/wp\/v2\/posts\/98292\/revisions"}],"predecessor-version":[{"id":98294,"href":"https:\/\/blogdoedvaldomagalhaes.com.br\/index.php\/wp-json\/wp\/v2\/posts\/98292\/revisions\/98294"}],"wp:featuredmedia":[{"embeddable":true,"href":"https:\/\/blogdoedvaldomagalhaes.com.br\/index.php\/wp-json\/wp\/v2\/media\/98293"}],"wp:attachment":[{"href":"https:\/\/blogdoedvaldomagalhaes.com.br\/index.php\/wp-json\/wp\/v2\/media?parent=98292"}],"wp:term":[{"taxonomy":"category","embeddable":true,"href":"https:\/\/blogdoedvaldomagalhaes.com.br\/index.php\/wp-json\/wp\/v2\/categories?post=98292"},{"taxonomy":"post_tag","embeddable":true,"href":"https:\/\/blogdoedvaldomagalhaes.com.br\/index.php\/wp-json\/wp\/v2\/tags?post=98292"}],"curies":[{"name":"wp","href":"https:\/\/api.w.org\/{rel}","templated":true}]}}