{"id":98288,"date":"2023-07-05T13:10:22","date_gmt":"2023-07-05T16:10:22","guid":{"rendered":"https:\/\/blogdoedvaldomagalhaes.com.br\/?p=98288"},"modified":"2023-07-05T22:40:56","modified_gmt":"2023-07-06T01:40:56","slug":"sao-joao-2024-de-caruaru-tera-72-dias","status":"publish","type":"post","link":"https:\/\/blogdoedvaldomagalhaes.com.br\/index.php\/2023\/07\/05\/sao-joao-2024-de-caruaru-tera-72-dias\/","title":{"rendered":"S\u00e3o Jo\u00e3o 2024 de Caruaru ter\u00e1 72 dias"},"content":{"rendered":"<p style=\"text-align: justify;\"><span style=\"color: initial; font-size: revert;\">Recorde de p\u00fablico, de atra\u00e7\u00f5es, de dura\u00e7\u00e3o, de polos e de movimenta\u00e7\u00e3o financeira, a edi\u00e7\u00e3o de 2023 \u00e9 a maior da hist\u00f3ria. Prova disso \u00e9 a aprova\u00e7\u00e3o de quase 96% de moradores, turistas e excursionistas entrevistados por pesquisa encomendada pela Prefeitura de Caruaru.<\/span><\/p>\n<p style=\"text-align: justify;\">Foram movimentados, na economia da cidade, mais de R$ 620 milh\u00f5es, um n\u00famero in\u00e9dito. S\u00f3 a rede hoteleira teve 99% de ocupa\u00e7\u00e3o. A gera\u00e7\u00e3o de empregos tamb\u00e9m ficou acima da m\u00e9dia. Mais de 15 mil empregos diretos e indiretos foram criados.<\/p>\n<p style=\"text-align: justify;\">&#8220;Os n\u00fameros superaram as nossas expectativas. Chegamos a mais de R$ 623 milh\u00f5es injetados na economia da nossa cidade, analisando o gasto m\u00e9dio do turista, do excursionista e tamb\u00e9m do morador. Um S\u00e3o Jo\u00e3o com mudan\u00e7as estrat\u00e9gicas, como no Alto do Moura e no P\u00e1tio do Forr\u00f3, que teve uma aprova\u00e7\u00e3o de 95,8% do p\u00fablico, o que s\u00f3 corrobora o sucesso da edi\u00e7\u00e3o deste ano&#8221;, explica o prefeito de Caruaru, Rodrigo Pinheiro.<\/p>\n<p style=\"text-align: justify;\">O S\u00e3o Jo\u00e3o 2023 foi, tamb\u00e9m, o mais seguro. As 200 c\u00e2meras de videomonitoramento instaladas entre os polos e o total de 14.961 lan\u00e7amentos de efetivos (Pol\u00edcia Militar, Pol\u00edcia Civil, Guarda Municipal, Bombeiro Militar e Bombeiro Civil) resultaram numa redu\u00e7\u00e3o de 11,4% no n\u00famero de ocorr\u00eancias por dia em rela\u00e7\u00e3o ao S\u00e3o Jo\u00e3o 2022.<\/p>\n<p style=\"text-align: justify;\">Pelos 25 polos de anima\u00e7\u00e3o, passaram 3,65 milh\u00f5es de pessoas, que curtiram mais de 1200 atra\u00e7\u00f5es com mais de 20 mil artistas envolvidos. Desses, 74,3% foram artistas da regi\u00e3o e 60% contratados via edital.<\/p>\n<p style=\"text-align: justify;\">O j\u00e1 consagrado S\u00e3o Jo\u00e3o na Ro\u00e7a passou por uma reformula\u00e7\u00e3o. Este ano, treze comunidades rurais receberam a caravana itinerante, que come\u00e7ou a circular pelo munic\u00edpio em 28 de abril, antecipando os festejos a fim de dar oportunidade a todos de conhecerem e aproveitarem o polo. A iniciativa foi aprovada por 93,3% do p\u00fablico.<\/p>\n<p style=\"text-align: justify;\">A acessibilidade tamb\u00e9m teve destaque nessa edi\u00e7\u00e3o. Al\u00e9m do camarote disponibilizado no P\u00e1tio do Forr\u00f3, um espa\u00e7o foi disponibilizado no Alto do Moura, que tamb\u00e9m recebeu a interpreta\u00e7\u00e3o em Libras durante todos os shows, assim como no Parque de Eventos Luiz Lua Gonzaga.<\/p>\n<p style=\"text-align: justify;\">Sucesso em 2023 e a maior iniciativa na \u00e1rea entre todas as festas juninas espalhadas pelo Brasil, o S\u00e3o Jo\u00e3o Sustent\u00e1vel acumulou 66,69 toneladas de materiais recicl\u00e1veis, gerando uma economia de mais de R$ 240 mil para o munic\u00edpio, al\u00e9m de 12 mil sementes doadas e 3 mil plantios de mudas. J\u00e1 o Transforma Caruaru arrecadou 17,5 toneladas de alimentos, beneficiando 25 entidades caruaruenses.<\/p>\n<p style=\"text-align: justify;\">Na imprensa, o S\u00e3o Jo\u00e3o de Caruaru tamb\u00e9m foi destaque. A festa foi divulgada em ve\u00edculos de comunica\u00e7\u00e3o da Argentina, Estados Unidos, Alemanha, M\u00e9xico, Paraguai, Espanha, Fran\u00e7a e Vietn\u00e3. Foram contabilizadas mais de 5100 publica\u00e7\u00f5es on-line, mais de 700 inser\u00e7\u00f5es no r\u00e1dio e mais de 860 na televis\u00e3o.<\/p>\n<p style=\"text-align: justify;\">&#8220;N\u00f3s temos muito a comemorar. Gera\u00e7\u00e3o de emprego, gera\u00e7\u00e3o de renda, seguran\u00e7a, sustentabilidade, tudo num evento feito para as pessoas e com as pessoas. Nosso foco foi fazer um grande evento, valorizando a cultura popular, os artistas locais, para gerar emprego e renda, porque essa \u00e9 a fun\u00e7\u00e3o social do S\u00e3o Jo\u00e3o. Gratid\u00e3o a cada um que trabalhou junto conosco para obtermos o maior, melhor e mais seguro S\u00e3o Jo\u00e3o da hist\u00f3ria&#8221;, comemora Rodrigo.<\/p>\n<p style=\"text-align: justify;\">Em 2024, o S\u00e3o Jo\u00e3o de Caruaru quebrar\u00e1 mais um recorde. Ser\u00e3o 72 dias de festa, entre 19 de abril e 29 de junho.<\/p>\n<p style=\"text-align: justify;\">Confira os n\u00fameros abaixo.<\/p>\n<p style=\"text-align: justify;\"><strong>Economia<\/strong><br \/>\nR$ 623 milh\u00f5es de movimenta\u00e7\u00e3o financeira<br \/>\n99% de ocupa\u00e7\u00e3o na rede hoteleira<br \/>\n15 mil empregos diretos e indiretos<\/p>\n<p style=\"text-align: justify;\"><strong>Cultura<\/strong><br \/>\nRecorde com mais de 1200 atra\u00e7\u00f5es<br \/>\n23.206 artistas envolvidos<br \/>\n74,3% atra\u00e7\u00f5es de Caruaru e regi\u00e3o<br \/>\n60% contrata\u00e7\u00f5es via edital<br \/>\nMais de 400 profissionais t\u00e9cnicos, sendo 90% caruaruenses<\/p>\n<p style=\"text-align: justify;\"><strong>Pesquisa<\/strong><br \/>\n95,8% de aprova\u00e7\u00e3o entre o p\u00fablico geral<br \/>\n96,7% de aprova\u00e7\u00e3o entre turistas e excursionistas<br \/>\n97,25% de aprova\u00e7\u00e3o entre moradores<br \/>\n93,3% de aprova\u00e7\u00e3o pela antecipa\u00e7\u00e3o do S\u00e3o Jo\u00e3o na Ro\u00e7a<br \/>\n88% pretendem voltar em 2024<\/p>\n<p style=\"text-align: justify;\"><strong>Seguran\u00e7a<\/strong><br \/>\n200 c\u00e2meras de videomonitoramento instaladas entre os polos<br \/>\nTotal de 14.961 lan\u00e7amentos de efetivos (Pol\u00edcia Militar, Pol\u00edcia Civil, Guarda Municipal, Bombeiro Militar e Bombeiro Civil);<br \/>\nRedu\u00e7\u00e3o de 11,4% no n\u00famero de ocorr\u00eancias por dia em rela\u00e7\u00e3o ao S\u00e3o Jo\u00e3o 2022.<\/p>\n<p style=\"text-align: justify;\"><strong>S\u00e3o Jo\u00e3o Sustent\u00e1vel<\/strong><br \/>\n66,69 toneladas de materiais recicl\u00e1veis<br \/>\nR$ 241.161,12 de economia para o munic\u00edpio<br \/>\n320.120 toneladas de lixo bruto retiradas<br \/>\n12 mil sementes doadas<br \/>\n3 mil plantios de mudas<\/p>\n<p style=\"text-align: justify;\"><strong>S\u00e3o Jo\u00e3o Solid\u00e1rio (Transforma Caruaru)<\/strong><br \/>\n17 toneladas de alimentos arrecadados e 25 entidades beneficiada<\/p>\n<p style=\"text-align: justify;\"><strong>Imprensa<\/strong><br \/>\nMais de 5150 publica\u00e7\u00f5es on-line<br \/>\nMais de 700 inser\u00e7\u00f5es no r\u00e1dio<br \/>\nMais de 860 inser\u00e7\u00f5es na TV.<\/p>\n<p style=\"text-align: justify;\">Se inscreva no canal do Blog no You Tube<\/p>\n<p style=\"text-align: justify;\">Siga o Instagram do Blog @blogdoedvaldomagalhaes<\/p>\n<p style=\"text-align: justify;\">Foto: Jorge Farias.<\/p>\n","protected":false},"excerpt":{"rendered":"<p>Recorde de p\u00fablico, de atra\u00e7\u00f5es, de dura\u00e7\u00e3o, de polos e de movimenta\u00e7\u00e3o financeira, a edi\u00e7\u00e3o de 2023 \u00e9 a maior&hellip;<\/p>\n","protected":false},"author":1,"featured_media":98289,"comment_status":"closed","ping_status":"open","sticky":false,"template":"","format":"standard","meta":{"footnotes":""},"categories":[14122],"tags":[2,19532,3406,1766,27959],"class_list":["post-98288","post","type-post","status-publish","format-standard","has-post-thumbnail","hentry","category-politica","tag-blog-do-edvaldo-magalhaes","tag-blog-mais-acessado-e-visualizado-de-caruaru-e-regiao","tag-caruaru","tag-rodrigo-pinheiro","tag-sao-joao-2024-de-caruaru-tera-72-dias"],"_links":{"self":[{"href":"https:\/\/blogdoedvaldomagalhaes.com.br\/index.php\/wp-json\/wp\/v2\/posts\/98288","targetHints":{"allow":["GET"]}}],"collection":[{"href":"https:\/\/blogdoedvaldomagalhaes.com.br\/index.php\/wp-json\/wp\/v2\/posts"}],"about":[{"href":"https:\/\/blogdoedvaldomagalhaes.com.br\/index.php\/wp-json\/wp\/v2\/types\/post"}],"author":[{"embeddable":true,"href":"https:\/\/blogdoedvaldomagalhaes.com.br\/index.php\/wp-json\/wp\/v2\/users\/1"}],"replies":[{"embeddable":true,"href":"https:\/\/blogdoedvaldomagalhaes.com.br\/index.php\/wp-json\/wp\/v2\/comments?post=98288"}],"version-history":[{"count":2,"href":"https:\/\/blogdoedvaldomagalhaes.com.br\/index.php\/wp-json\/wp\/v2\/posts\/98288\/revisions"}],"predecessor-version":[{"id":98291,"href":"https:\/\/blogdoedvaldomagalhaes.com.br\/index.php\/wp-json\/wp\/v2\/posts\/98288\/revisions\/98291"}],"wp:featuredmedia":[{"embeddable":true,"href":"https:\/\/blogdoedvaldomagalhaes.com.br\/index.php\/wp-json\/wp\/v2\/media\/98289"}],"wp:attachment":[{"href":"https:\/\/blogdoedvaldomagalhaes.com.br\/index.php\/wp-json\/wp\/v2\/media?parent=98288"}],"wp:term":[{"taxonomy":"category","embeddable":true,"href":"https:\/\/blogdoedvaldomagalhaes.com.br\/index.php\/wp-json\/wp\/v2\/categories?post=98288"},{"taxonomy":"post_tag","embeddable":true,"href":"https:\/\/blogdoedvaldomagalhaes.com.br\/index.php\/wp-json\/wp\/v2\/tags?post=98288"}],"curies":[{"name":"wp","href":"https:\/\/api.w.org\/{rel}","templated":true}]}}