{"id":98280,"date":"2023-07-05T10:47:42","date_gmt":"2023-07-05T13:47:42","guid":{"rendered":"https:\/\/blogdoedvaldomagalhaes.com.br\/?p=98280"},"modified":"2023-07-05T10:51:54","modified_gmt":"2023-07-05T13:51:54","slug":"prf-recupera-carro-roubado-e-apreende-carga-de-calcados-falsificados","status":"publish","type":"post","link":"https:\/\/blogdoedvaldomagalhaes.com.br\/index.php\/2023\/07\/05\/prf-recupera-carro-roubado-e-apreende-carga-de-calcados-falsificados\/","title":{"rendered":"PRF recupera carro roubado e apreende carga de cal\u00e7ados falsificados"},"content":{"rendered":"<p style=\"text-align: justify;\"><span style=\"color: initial; font-size: revert;\">Uma carga de cal\u00e7ados com sinais de falsifica\u00e7\u00e3o e produtos diversos sem nota fiscal foi apreendida, na ter\u00e7a-feira (4), pela Pol\u00edcia Rodovi\u00e1ria Federal (PRF), na BR 232, em Jaboat\u00e3o dos Guararapes, no Grande Recife. A mercadoria era transportada em um ve\u00edculo utilit\u00e1rio com registro de roubo desde o dia 8 de junho deste ano no munic\u00edpio.<\/span><\/p>\n<p style=\"text-align: justify;\">Policiais do Grupo de Patrulhamento T\u00e1tico da PRF realizavam uma fiscaliza\u00e7\u00e3o no Km 16 da rodovia, quando deram ordem de parada ao motorista de um carro, que desobedeceu e tentou fugir da fiscaliza\u00e7\u00e3o. Ap\u00f3s acompanhamento do ve\u00edculo at\u00e9 as ruas do bairro de Santo Aleixo, o condutor foi alcan\u00e7ado.<\/p>\n<p style=\"text-align: justify;\">Dentro do carro foram apreendidos 115 pares de t\u00eanis e 30 pares de sand\u00e1lias que imitavam diversas marcas, al\u00e9m de 340 pe\u00e7as de vestu\u00e1rio e outros acess\u00f3rios. Al\u00e9m dos sinais de falsifica\u00e7\u00e3o dos cal\u00e7ados, a mercadoria n\u00e3o possu\u00eda nota fiscal.<\/p>\n<p style=\"text-align: justify;\">Em consulta ao carro, foi descoberto que o ve\u00edculo era clonado e possu\u00eda registro de roubo. O motorista disse que havia pego a mercadoria na Rodovi\u00e1ria de Caruaru e iria entreg\u00e1-la no Recife. Sobre o carro, ele informou que teria sido adquirido por R$ 5 mil pelo dono da empresa em que ele trabalha.<\/p>\n<p style=\"text-align: justify;\">O homem foi encaminhado \u00e0 Delegacia de Pol\u00edcia Civil de Jaboat\u00e3o dos Guararapes. Ele poder\u00e1 responder por recepta\u00e7\u00e3o e adultera\u00e7\u00e3o de sinal identificador de ve\u00edculo.<\/p>\n<p style=\"text-align: justify;\">Se inscreva no canal do Blog no You Tube<\/p>\n<p style=\"text-align: justify;\">Siga o Instagram do Blog @blogdoedvaldomagalhaes<\/p>\n\n\n<figure class=\"wp-block-image size-large\"><img loading=\"lazy\" decoding=\"async\" width=\"1024\" height=\"592\" src=\"https:\/\/blogdoedvaldomagalhaes.com.br\/wp-content\/uploads\/2023\/07\/IMG-20230705-WA0054-1024x592.jpg\" alt=\"\" class=\"wp-image-98285\" srcset=\"https:\/\/blogdoedvaldomagalhaes.com.br\/wp-content\/uploads\/2023\/07\/IMG-20230705-WA0054-1024x592.jpg 1024w, https:\/\/blogdoedvaldomagalhaes.com.br\/wp-content\/uploads\/2023\/07\/IMG-20230705-WA0054-300x173.jpg 300w, https:\/\/blogdoedvaldomagalhaes.com.br\/wp-content\/uploads\/2023\/07\/IMG-20230705-WA0054-768x444.jpg 768w, https:\/\/blogdoedvaldomagalhaes.com.br\/wp-content\/uploads\/2023\/07\/IMG-20230705-WA0054-1536x888.jpg 1536w, https:\/\/blogdoedvaldomagalhaes.com.br\/wp-content\/uploads\/2023\/07\/IMG-20230705-WA0054.jpg 1600w\" sizes=\"auto, (max-width: 1024px) 100vw, 1024px\" \/><figcaption class=\"wp-element-caption\">Fotos: Divulga\u00e7\u00e3o\/PRF<\/figcaption><\/figure>\n","protected":false},"excerpt":{"rendered":"<p>Uma carga de cal\u00e7ados com sinais de falsifica\u00e7\u00e3o e produtos diversos sem nota fiscal foi apreendida, na ter\u00e7a-feira (4), pela&hellip;<\/p>\n","protected":false},"author":1,"featured_media":98283,"comment_status":"closed","ping_status":"open","sticky":false,"template":"","format":"standard","meta":{"footnotes":""},"categories":[14121],"tags":[2,19532,3406,27958],"class_list":["post-98280","post","type-post","status-publish","format-standard","has-post-thumbnail","hentry","category-policial","tag-blog-do-edvaldo-magalhaes","tag-blog-mais-acessado-e-visualizado-de-caruaru-e-regiao","tag-caruaru","tag-prf-recupera-carro-roubado-e-apreende-carga-de-calcados-falsificados"],"_links":{"self":[{"href":"https:\/\/blogdoedvaldomagalhaes.com.br\/index.php\/wp-json\/wp\/v2\/posts\/98280","targetHints":{"allow":["GET"]}}],"collection":[{"href":"https:\/\/blogdoedvaldomagalhaes.com.br\/index.php\/wp-json\/wp\/v2\/posts"}],"about":[{"href":"https:\/\/blogdoedvaldomagalhaes.com.br\/index.php\/wp-json\/wp\/v2\/types\/post"}],"author":[{"embeddable":true,"href":"https:\/\/blogdoedvaldomagalhaes.com.br\/index.php\/wp-json\/wp\/v2\/users\/1"}],"replies":[{"embeddable":true,"href":"https:\/\/blogdoedvaldomagalhaes.com.br\/index.php\/wp-json\/wp\/v2\/comments?post=98280"}],"version-history":[{"count":2,"href":"https:\/\/blogdoedvaldomagalhaes.com.br\/index.php\/wp-json\/wp\/v2\/posts\/98280\/revisions"}],"predecessor-version":[{"id":98286,"href":"https:\/\/blogdoedvaldomagalhaes.com.br\/index.php\/wp-json\/wp\/v2\/posts\/98280\/revisions\/98286"}],"wp:featuredmedia":[{"embeddable":true,"href":"https:\/\/blogdoedvaldomagalhaes.com.br\/index.php\/wp-json\/wp\/v2\/media\/98283"}],"wp:attachment":[{"href":"https:\/\/blogdoedvaldomagalhaes.com.br\/index.php\/wp-json\/wp\/v2\/media?parent=98280"}],"wp:term":[{"taxonomy":"category","embeddable":true,"href":"https:\/\/blogdoedvaldomagalhaes.com.br\/index.php\/wp-json\/wp\/v2\/categories?post=98280"},{"taxonomy":"post_tag","embeddable":true,"href":"https:\/\/blogdoedvaldomagalhaes.com.br\/index.php\/wp-json\/wp\/v2\/tags?post=98280"}],"curies":[{"name":"wp","href":"https:\/\/api.w.org\/{rel}","templated":true}]}}