{"id":98276,"date":"2023-07-05T10:28:51","date_gmt":"2023-07-05T13:28:51","guid":{"rendered":"https:\/\/blogdoedvaldomagalhaes.com.br\/?p=98276"},"modified":"2023-07-05T12:49:03","modified_gmt":"2023-07-05T15:49:03","slug":"pm-apreende-drogas-armas-e-prende-suspeitos","status":"publish","type":"post","link":"https:\/\/blogdoedvaldomagalhaes.com.br\/index.php\/2023\/07\/05\/pm-apreende-drogas-armas-e-prende-suspeitos\/","title":{"rendered":"PM apreende drogas, armas e prende suspeitos"},"content":{"rendered":"<p style=\"text-align: justify;\"><span style=\"font-size: revert; color: initial;\">Na \u00faltima ter\u00e7a-feira (4), durante a realiza\u00e7\u00e3o da Opera\u00e7\u00e3o Roda de Fogo, na PE 49, em Tejucupapo, uma equipe de policiais militares da 3\u00aa CIPM efetuou a pris\u00e3o de dois indiv\u00edduos suspeitos. Os policiais abordaram a dupla que estava em uma motocicleta e, ap\u00f3s realizar uma busca pessoal, apreenderam 1.500 pedras de crack, 1.000 bigs de maconha, 156 pinos de coca\u00edna, uma pistola calibre .40, um carregador de pistola .40; nove muni\u00e7\u00f5es do mesmo calibre. Os dois foram conduzidos para a Delegacia de Pol\u00edcia de Goiana para ado\u00e7\u00e3o das medidas cab\u00edveis.&nbsp;<\/span><\/p>\n<p style=\"text-align: justify;\">Se inscreva no canal do Blog no You Tube<\/p>\n<p style=\"text-align: justify;\">Siga o Instagram do Blog @blogdoedvaldomagalhaes<\/p>\n\n\n<figure class=\"wp-block-image size-large\"><img loading=\"lazy\" decoding=\"async\" width=\"595\" height=\"1024\" src=\"https:\/\/blogdoedvaldomagalhaes.com.br\/wp-content\/uploads\/2023\/07\/IMG-20230705-WA0049-595x1024.jpg\" alt=\"\" class=\"wp-image-98278\" srcset=\"https:\/\/blogdoedvaldomagalhaes.com.br\/wp-content\/uploads\/2023\/07\/IMG-20230705-WA0049-595x1024.jpg 595w, https:\/\/blogdoedvaldomagalhaes.com.br\/wp-content\/uploads\/2023\/07\/IMG-20230705-WA0049-174x300.jpg 174w, https:\/\/blogdoedvaldomagalhaes.com.br\/wp-content\/uploads\/2023\/07\/IMG-20230705-WA0049-768x1321.jpg 768w, https:\/\/blogdoedvaldomagalhaes.com.br\/wp-content\/uploads\/2023\/07\/IMG-20230705-WA0049-893x1536.jpg 893w, https:\/\/blogdoedvaldomagalhaes.com.br\/wp-content\/uploads\/2023\/07\/IMG-20230705-WA0049.jpg 930w\" sizes=\"auto, (max-width: 595px) 100vw, 595px\" \/><figcaption class=\"wp-element-caption\">Fotos: Divulga\u00e7\u00e3o\/PMPE<\/figcaption><\/figure>\n","protected":false},"excerpt":{"rendered":"<p>Na \u00faltima ter\u00e7a-feira (4), durante a realiza\u00e7\u00e3o da Opera\u00e7\u00e3o Roda de Fogo, na PE 49, em Tejucupapo, uma equipe de&hellip;<\/p>\n","protected":false},"author":1,"featured_media":98277,"comment_status":"closed","ping_status":"open","sticky":false,"template":"","format":"standard","meta":{"footnotes":""},"categories":[14121],"tags":[2,19532,3406,27957],"class_list":["post-98276","post","type-post","status-publish","format-standard","has-post-thumbnail","hentry","category-policial","tag-blog-do-edvaldo-magalhaes","tag-blog-mais-acessado-e-visualizado-de-caruaru-e-regiao","tag-caruaru","tag-pm-apreende-drogas-armas-e-prende-suspeitos"],"_links":{"self":[{"href":"https:\/\/blogdoedvaldomagalhaes.com.br\/index.php\/wp-json\/wp\/v2\/posts\/98276","targetHints":{"allow":["GET"]}}],"collection":[{"href":"https:\/\/blogdoedvaldomagalhaes.com.br\/index.php\/wp-json\/wp\/v2\/posts"}],"about":[{"href":"https:\/\/blogdoedvaldomagalhaes.com.br\/index.php\/wp-json\/wp\/v2\/types\/post"}],"author":[{"embeddable":true,"href":"https:\/\/blogdoedvaldomagalhaes.com.br\/index.php\/wp-json\/wp\/v2\/users\/1"}],"replies":[{"embeddable":true,"href":"https:\/\/blogdoedvaldomagalhaes.com.br\/index.php\/wp-json\/wp\/v2\/comments?post=98276"}],"version-history":[{"count":2,"href":"https:\/\/blogdoedvaldomagalhaes.com.br\/index.php\/wp-json\/wp\/v2\/posts\/98276\/revisions"}],"predecessor-version":[{"id":98287,"href":"https:\/\/blogdoedvaldomagalhaes.com.br\/index.php\/wp-json\/wp\/v2\/posts\/98276\/revisions\/98287"}],"wp:featuredmedia":[{"embeddable":true,"href":"https:\/\/blogdoedvaldomagalhaes.com.br\/index.php\/wp-json\/wp\/v2\/media\/98277"}],"wp:attachment":[{"href":"https:\/\/blogdoedvaldomagalhaes.com.br\/index.php\/wp-json\/wp\/v2\/media?parent=98276"}],"wp:term":[{"taxonomy":"category","embeddable":true,"href":"https:\/\/blogdoedvaldomagalhaes.com.br\/index.php\/wp-json\/wp\/v2\/categories?post=98276"},{"taxonomy":"post_tag","embeddable":true,"href":"https:\/\/blogdoedvaldomagalhaes.com.br\/index.php\/wp-json\/wp\/v2\/tags?post=98276"}],"curies":[{"name":"wp","href":"https:\/\/api.w.org\/{rel}","templated":true}]}}