{"id":98270,"date":"2023-07-04T21:03:42","date_gmt":"2023-07-05T00:03:42","guid":{"rendered":"https:\/\/blogdoedvaldomagalhaes.com.br\/?p=98270"},"modified":"2023-07-04T21:03:43","modified_gmt":"2023-07-05T00:03:43","slug":"governadora-raquel-lyra-entrega-100-viaturas-e-7-mil-coletes-para-o-reforco-no-combate-a-violencia-em-pernambuco","status":"publish","type":"post","link":"https:\/\/blogdoedvaldomagalhaes.com.br\/index.php\/2023\/07\/04\/governadora-raquel-lyra-entrega-100-viaturas-e-7-mil-coletes-para-o-reforco-no-combate-a-violencia-em-pernambuco\/","title":{"rendered":"Governadora Raquel Lyra entrega 100 viaturas e 7 mil coletes para o refor\u00e7o no combate \u00e0 viol\u00eancia em Pernambuco"},"content":{"rendered":"<div style=\"text-align: justify;\">A governadora Raquel Lyra entregou, nesta ter\u00e7a-feira (04), 100 viaturas para a Regi\u00e3o Metropolitana do Recife (RMR), e sete mil coletes bal\u00edsticos, para o servi\u00e7o operacional da Pol\u00edcia Militar de Pernambuco. Ao lado da vice, Priscila Krause, a chefe do Executivo estadual entregou as chaves dos ve\u00edculos e os coletes aos policiais militares, durante solenidade no Pal\u00e1cio do Campo das Princesas.<\/div>\n<div style=\"text-align: justify;\"><\/div>\n<div style=\"text-align: justify;\">\u201cEsse investimento na seguran\u00e7a p\u00fablica vai permitir que os nossos homens e mulheres da Pol\u00edcia Militar possam trabalhar com mais seguran\u00e7a, garantindo uma melhor presta\u00e7\u00e3o de servi\u00e7o \u00e0 popula\u00e7\u00e3o pernambucana. At\u00e9 o final do ano, pretendemos fazer a troca de pelo menos metade da nossa frota para garantir viaturas novas e o direito de o policial trabalhar com mais prote\u00e7\u00e3o\u201d, assegurou Raquel Lyra.<\/div>\n<div style=\"text-align: justify;\"><\/div>\n<div style=\"text-align: justify;\">Na cerim\u00f4nia, foram entregues 100 viaturas das 895 que devem ser entregues at\u00e9 o final do ano, com investimento anual de mais de R$ 39 milh\u00f5es. De acordo com a secret\u00e1ria de Defesa Social, Carla Patr\u00edcia, o incremento visa o reaparelhamento da frota e, sobretudo, a valoriza\u00e7\u00e3o da vida dos profissionais. \u201cIsso \u00e9 valoriza\u00e7\u00e3o dos nossos policiais. A chegada de novos ve\u00edculos vai ampliar ainda mais a efic\u00e1cia do trabalho j\u00e1 realizado. Com planejamento e investimento, atuaremos no combate \u00e0 criminalidade e seguiremos refor\u00e7ando o policialmente prestado para toda a popula\u00e7\u00e3o pernambucana\u201d, refor\u00e7ou.<\/div>\n<div style=\"text-align: justify;\"><\/div>\n<div style=\"text-align: justify;\">Dos sete mil coletes bal\u00edsticos, que contaram com mais de R$ 10 milh\u00f5es de investimentos, 4.650 unidades ser\u00e3o distribu\u00eddas para o efetivo masculino e 2.350 unidades para o feminino. \u201c\u00c9 um marco para a Pol\u00edcia Militar. Com essa chegada, poderemos repassar um colete para cada policial militar, sem ser necess\u00e1rio o compartilhamento do equipamento. Ou seja, fazer o acautelamento, o que j\u00e1 era uma meta antiga e nunca havia sido alcan\u00e7ada\u201d, refor\u00e7ou o comandante da Pol\u00edcia Militar de Pernambuco, coronel Tib\u00e9rio C\u00e9sar dos Santos.<\/div>\n<div style=\"text-align: justify;\"><\/div>\n<div style=\"text-align: justify;\">Presente na solenidade, o deputado estadual e l\u00edder do Governo na Assembleia Legislativa de Pernambuco (Alepe), Iza\u00edas R\u00e9gis, ressaltou a import\u00e2ncia da a\u00e7\u00e3o. \u201cCuidar da seguran\u00e7a p\u00fablica, da sa\u00fade e da educa\u00e7\u00e3o \u00e9 um compromisso da governadora com toda popula\u00e7\u00e3o pernambucana. Estamos h\u00e1 seis meses de mandato e j\u00e1 estamos vendo esses resultados\u201d, concluiu.<\/div>\n<div style=\"text-align: justify;\"><\/div>\n<div style=\"text-align: justify;\">Tamb\u00e9m estiveram presentes no evento os secret\u00e1rios estaduais coronel Herc\u00edlio Mamede (Casa Militar), T\u00falio Vila\u00e7a (Casa Civil), Regina C\u00e9lia (Mulher), Rodolfo Costa Pinto (Comunica\u00e7\u00e3o), Diogo Bezerra (Projetos Estrat\u00e9gicos), Fernando Holanda (Assessoria Especial), Ana Mara\u00edza (Administra\u00e7\u00e3o) e Alexandre Alves (Executivo de Defesa Social); a chefe da Pol\u00edcia Civil de Pernambuco, Simone Aguiar; os deputados estaduais Jo\u00e3ozinho Ten\u00f3rio, Joel da Harpa, Fabrizio Ferraz, Ant\u00f4nio Moraes, Junior T\u00e9rcio, Cleiton Collins, Abimael Santos e Renato Antunes; al\u00e9m de lideran\u00e7as de diversas regi\u00f5es do Estado. Foto: Miva Filho e Y\u00eado Leonel\/Secom<\/div>\n<div style=\"text-align: justify;\">Se inscreva no canal do Blog no You Tube<\/div>\n<div style=\"text-align: justify;\">Siga o Instagram do Blog @blogdoedvaldomagalhaes<\/div>\n","protected":false},"excerpt":{"rendered":"<p>A governadora Raquel Lyra entregou, nesta ter\u00e7a-feira (04), 100 viaturas para a Regi\u00e3o Metropolitana do Recife (RMR), e sete mil&hellip;<\/p>\n","protected":false},"author":1,"featured_media":98271,"comment_status":"closed","ping_status":"open","sticky":false,"template":"","format":"standard","meta":{"footnotes":""},"categories":[14122],"tags":[992,19532,3406,27955,20],"class_list":["post-98270","post","type-post","status-publish","format-standard","has-post-thumbnail","hentry","category-politica","tag-blog-do-edvaldo-do-magalhaes","tag-blog-mais-acessado-e-visualizado-de-caruaru-e-regiao","tag-caruaru","tag-governadora-raquel-lyra-entrega-100-viaturas-e-7-mil-coletes-para-o-reforco-no-combate-a-violencia-em-pernambuco","tag-politica"],"_links":{"self":[{"href":"https:\/\/blogdoedvaldomagalhaes.com.br\/index.php\/wp-json\/wp\/v2\/posts\/98270","targetHints":{"allow":["GET"]}}],"collection":[{"href":"https:\/\/blogdoedvaldomagalhaes.com.br\/index.php\/wp-json\/wp\/v2\/posts"}],"about":[{"href":"https:\/\/blogdoedvaldomagalhaes.com.br\/index.php\/wp-json\/wp\/v2\/types\/post"}],"author":[{"embeddable":true,"href":"https:\/\/blogdoedvaldomagalhaes.com.br\/index.php\/wp-json\/wp\/v2\/users\/1"}],"replies":[{"embeddable":true,"href":"https:\/\/blogdoedvaldomagalhaes.com.br\/index.php\/wp-json\/wp\/v2\/comments?post=98270"}],"version-history":[{"count":1,"href":"https:\/\/blogdoedvaldomagalhaes.com.br\/index.php\/wp-json\/wp\/v2\/posts\/98270\/revisions"}],"predecessor-version":[{"id":98272,"href":"https:\/\/blogdoedvaldomagalhaes.com.br\/index.php\/wp-json\/wp\/v2\/posts\/98270\/revisions\/98272"}],"wp:featuredmedia":[{"embeddable":true,"href":"https:\/\/blogdoedvaldomagalhaes.com.br\/index.php\/wp-json\/wp\/v2\/media\/98271"}],"wp:attachment":[{"href":"https:\/\/blogdoedvaldomagalhaes.com.br\/index.php\/wp-json\/wp\/v2\/media?parent=98270"}],"wp:term":[{"taxonomy":"category","embeddable":true,"href":"https:\/\/blogdoedvaldomagalhaes.com.br\/index.php\/wp-json\/wp\/v2\/categories?post=98270"},{"taxonomy":"post_tag","embeddable":true,"href":"https:\/\/blogdoedvaldomagalhaes.com.br\/index.php\/wp-json\/wp\/v2\/tags?post=98270"}],"curies":[{"name":"wp","href":"https:\/\/api.w.org\/{rel}","templated":true}]}}