{"id":98256,"date":"2023-07-04T18:17:54","date_gmt":"2023-07-04T21:17:54","guid":{"rendered":"https:\/\/blogdoedvaldomagalhaes.com.br\/?p=98256"},"modified":"2023-07-04T19:01:45","modified_gmt":"2023-07-04T22:01:45","slug":"motociclista-morre-apos-colisao-em-traseira-de-caminhao-em-caruaru","status":"publish","type":"post","link":"https:\/\/blogdoedvaldomagalhaes.com.br\/index.php\/2023\/07\/04\/motociclista-morre-apos-colisao-em-traseira-de-caminhao-em-caruaru\/","title":{"rendered":"Motociclista morre ap\u00f3s colis\u00e3o em traseira de caminh\u00e3o, em Caruaru"},"content":{"rendered":"<p style=\"text-align: justify;\"><span style=\"font-size: revert;\">O motociclista Jos\u00e9 Honildo dos Santos Alves Filho, de 18 anos de idade, morreu depois de colidir na traseira de um caminh\u00e3o coletor de lixo, no Km 129 da BR 232, em Caruaru, no in\u00edcio da madrugada desta ter\u00e7a-feira (04). A pancada \u00a0foi forte e \u00a0v\u00edtima sofreu v\u00e1rios ferimentos. Uma equipe do 2\u00ba grupamento do corpo de bombeiros\u00a0<\/span><span style=\"font-size: revert;\">esteve no local, mas\u00a0<\/span><span style=\"font-size: revert;\">a v\u00edtima j\u00e1 estava em \u00f3bito.\u00a0<\/span><span style=\"font-size: revert;\">O corpo foi periciado e encaminhado ao IML. A pol\u00edcia vai investigar o caso. Foto do jornalista Kalebe Pereira.<\/span><\/p>\n<p>Se inscreva no canal do Blog no You Tube<\/p>\n<p>Sifa o Instagram do Blog @blogdoedvaldomagalhaes<\/p>\n","protected":false},"excerpt":{"rendered":"<p>O motociclista Jos\u00e9 Honildo dos Santos Alves Filho, de 18 anos de idade, morreu depois de colidir na traseira de&hellip;<\/p>\n","protected":false},"author":1,"featured_media":98257,"comment_status":"closed","ping_status":"open","sticky":false,"template":"","format":"standard","meta":{"footnotes":""},"categories":[14120],"tags":[2,19532,3406,27954],"class_list":["post-98256","post","type-post","status-publish","format-standard","has-post-thumbnail","hentry","category-noticias","tag-blog-do-edvaldo-magalhaes","tag-blog-mais-acessado-e-visualizado-de-caruaru-e-regiao","tag-caruaru","tag-motociclista-morre-apos-colisao-em-traseira-de-caminhao-em-caruaru"],"_links":{"self":[{"href":"https:\/\/blogdoedvaldomagalhaes.com.br\/index.php\/wp-json\/wp\/v2\/posts\/98256","targetHints":{"allow":["GET"]}}],"collection":[{"href":"https:\/\/blogdoedvaldomagalhaes.com.br\/index.php\/wp-json\/wp\/v2\/posts"}],"about":[{"href":"https:\/\/blogdoedvaldomagalhaes.com.br\/index.php\/wp-json\/wp\/v2\/types\/post"}],"author":[{"embeddable":true,"href":"https:\/\/blogdoedvaldomagalhaes.com.br\/index.php\/wp-json\/wp\/v2\/users\/1"}],"replies":[{"embeddable":true,"href":"https:\/\/blogdoedvaldomagalhaes.com.br\/index.php\/wp-json\/wp\/v2\/comments?post=98256"}],"version-history":[{"count":4,"href":"https:\/\/blogdoedvaldomagalhaes.com.br\/index.php\/wp-json\/wp\/v2\/posts\/98256\/revisions"}],"predecessor-version":[{"id":98267,"href":"https:\/\/blogdoedvaldomagalhaes.com.br\/index.php\/wp-json\/wp\/v2\/posts\/98256\/revisions\/98267"}],"wp:featuredmedia":[{"embeddable":true,"href":"https:\/\/blogdoedvaldomagalhaes.com.br\/index.php\/wp-json\/wp\/v2\/media\/98257"}],"wp:attachment":[{"href":"https:\/\/blogdoedvaldomagalhaes.com.br\/index.php\/wp-json\/wp\/v2\/media?parent=98256"}],"wp:term":[{"taxonomy":"category","embeddable":true,"href":"https:\/\/blogdoedvaldomagalhaes.com.br\/index.php\/wp-json\/wp\/v2\/categories?post=98256"},{"taxonomy":"post_tag","embeddable":true,"href":"https:\/\/blogdoedvaldomagalhaes.com.br\/index.php\/wp-json\/wp\/v2\/tags?post=98256"}],"curies":[{"name":"wp","href":"https:\/\/api.w.org\/{rel}","templated":true}]}}