{"id":98253,"date":"2023-07-04T16:49:48","date_gmt":"2023-07-04T19:49:48","guid":{"rendered":"https:\/\/blogdoedvaldomagalhaes.com.br\/?p=98253"},"modified":"2023-07-04T19:40:16","modified_gmt":"2023-07-04T22:40:16","slug":"comerciante-e-assassinado-dentro-do-proprio-estabelecimento-em-caruaru-3","status":"publish","type":"post","link":"https:\/\/blogdoedvaldomagalhaes.com.br\/index.php\/2023\/07\/04\/comerciante-e-assassinado-dentro-do-proprio-estabelecimento-em-caruaru-3\/","title":{"rendered":"Comerciante \u00e9 assassinado dentro do pr\u00f3prio estabelecimento em Caruaru"},"content":{"rendered":"<p style=\"text-align: justify;\">A Pol\u00edcia Civil registrou mais um homic\u00eddio em Caruaru. Na manh\u00e3 de ter\u00e7a-feira (04), o comerciante por Pl\u00ednio Emanuel da Silva , conhecido como Pl\u00ednio do Ferro, de 32 anos de idade, estava trabalhando dentro do pr\u00f3prio estabelecimento comercial \u00e0s margens da BR-104, no bairro Divin\u00f3polis, quando homens ainda n\u00e3o identificados chegaram em um carro, chamaram Pl\u00ednio e efetuaram disparos de arma de fogo, fugindo com destino ignorado logo ap\u00f3s o crime.<\/p>\n<p style=\"text-align: justify;\">As pol\u00edcias Militar e Civil estiveram no local. O corpo passou por per\u00edcia e depois foi encaminhado ao IML. Esse foi o segundo homic\u00eddio no m\u00eas de julho em Caruaru, e 77 pessoas foram assassinadas no de 2023, no munic\u00edpio. Foto: Reprodu\u00e7\u00e3o\/PMPE.<\/p>\n<p style=\"text-align: justify;\">Se inscreva no canal do Blog no You Tube<\/p>\n<p style=\"text-align: justify;\">Siga o Instagram do Blog @blogdoedvaldomagalhaes<\/p>\n\n\n<figure class=\"wp-block-image size-full is-resized\"><img loading=\"lazy\" decoding=\"async\" src=\"https:\/\/blogdoedvaldomagalhaes.com.br\/wp-content\/uploads\/2023\/07\/FB_IMG_1688504131257.jpg\" alt=\"\" class=\"wp-image-98260\" width=\"491\" height=\"531\" srcset=\"https:\/\/blogdoedvaldomagalhaes.com.br\/wp-content\/uploads\/2023\/07\/FB_IMG_1688504131257.jpg 370w, https:\/\/blogdoedvaldomagalhaes.com.br\/wp-content\/uploads\/2023\/07\/FB_IMG_1688504131257-278x300.jpg 278w\" sizes=\"auto, (max-width: 491px) 100vw, 491px\" \/><figcaption class=\"wp-element-caption\">V\u00edtima Pl\u00ednio do Ferro Velho <\/figcaption><\/figure>\n","protected":false},"excerpt":{"rendered":"<p>A Pol\u00edcia Civil registrou mais um homic\u00eddio em Caruaru. Na manh\u00e3 de ter\u00e7a-feira (04), o comerciante por Pl\u00ednio Emanuel da&hellip;<\/p>\n","protected":false},"author":1,"featured_media":98254,"comment_status":"closed","ping_status":"open","sticky":false,"template":"","format":"standard","meta":{"footnotes":""},"categories":[14120],"tags":[2,19532,3406,24680],"class_list":["post-98253","post","type-post","status-publish","format-standard","has-post-thumbnail","hentry","category-noticias","tag-blog-do-edvaldo-magalhaes","tag-blog-mais-acessado-e-visualizado-de-caruaru-e-regiao","tag-caruaru","tag-comerciante-e-assassinado-dentro-do-proprio-estabelecimento-em-caruaru"],"_links":{"self":[{"href":"https:\/\/blogdoedvaldomagalhaes.com.br\/index.php\/wp-json\/wp\/v2\/posts\/98253","targetHints":{"allow":["GET"]}}],"collection":[{"href":"https:\/\/blogdoedvaldomagalhaes.com.br\/index.php\/wp-json\/wp\/v2\/posts"}],"about":[{"href":"https:\/\/blogdoedvaldomagalhaes.com.br\/index.php\/wp-json\/wp\/v2\/types\/post"}],"author":[{"embeddable":true,"href":"https:\/\/blogdoedvaldomagalhaes.com.br\/index.php\/wp-json\/wp\/v2\/users\/1"}],"replies":[{"embeddable":true,"href":"https:\/\/blogdoedvaldomagalhaes.com.br\/index.php\/wp-json\/wp\/v2\/comments?post=98253"}],"version-history":[{"count":3,"href":"https:\/\/blogdoedvaldomagalhaes.com.br\/index.php\/wp-json\/wp\/v2\/posts\/98253\/revisions"}],"predecessor-version":[{"id":98269,"href":"https:\/\/blogdoedvaldomagalhaes.com.br\/index.php\/wp-json\/wp\/v2\/posts\/98253\/revisions\/98269"}],"wp:featuredmedia":[{"embeddable":true,"href":"https:\/\/blogdoedvaldomagalhaes.com.br\/index.php\/wp-json\/wp\/v2\/media\/98254"}],"wp:attachment":[{"href":"https:\/\/blogdoedvaldomagalhaes.com.br\/index.php\/wp-json\/wp\/v2\/media?parent=98253"}],"wp:term":[{"taxonomy":"category","embeddable":true,"href":"https:\/\/blogdoedvaldomagalhaes.com.br\/index.php\/wp-json\/wp\/v2\/categories?post=98253"},{"taxonomy":"post_tag","embeddable":true,"href":"https:\/\/blogdoedvaldomagalhaes.com.br\/index.php\/wp-json\/wp\/v2\/tags?post=98253"}],"curies":[{"name":"wp","href":"https:\/\/api.w.org\/{rel}","templated":true}]}}