{"id":98250,"date":"2023-07-04T16:05:28","date_gmt":"2023-07-04T19:05:28","guid":{"rendered":"https:\/\/blogdoedvaldomagalhaes.com.br\/?p=98250"},"modified":"2023-07-04T16:05:29","modified_gmt":"2023-07-04T19:05:29","slug":"farmacia-do-ana-rodrigues-e-unidade-de-atencao-psicossocial-estao-em-novo-endereco","status":"publish","type":"post","link":"https:\/\/blogdoedvaldomagalhaes.com.br\/index.php\/2023\/07\/04\/farmacia-do-ana-rodrigues-e-unidade-de-atencao-psicossocial-estao-em-novo-endereco\/","title":{"rendered":"Farm\u00e1cia do Ana Rodrigues e Unidade de Aten\u00e7\u00e3o Psicossocial, est\u00e3o em novo endere\u00e7o"},"content":{"rendered":"<p style=\"text-align: justify;\"><span style=\"color: initial; font-size: revert;\">O Complexo Municipal de Sa\u00fade Jacqueline Fernandes da Costa Silva, agora conta com a farm\u00e1cia do Ana Rodrigues (S\u00e3o Francisco 1) e a Unidade de Aten\u00e7\u00e3o Psicossocial &#8211; UAP, que funcionavam no espa\u00e7o conhecido como \u201cAntigo Ciclo Oper\u00e1rio\u201d, no Bairro S\u00e3o Francisco, e passaram a funcionar no complexo, a partir desta ter\u00e7a-feira (04). Os dois servi\u00e7os integram o Centro de Sa\u00fade Ana Rodrigues, que j\u00e1 funciona no espa\u00e7o. O Complexo Jacqueline fica na Rua Djalma Dutra, n\u00ba 215, Bairro Nossa Senhora das Dores (mesmo quarteir\u00e3o do Col\u00e9gio Sagrado Cora\u00e7\u00e3o), onde a farm\u00e1cia passar\u00e1 a funcionar de segunda \u00e0 sexta, das 07h \u00e0s 16h e a UAP, nos mesmos dias, das 07h \u00e0s 17h.<\/span><\/p>\n<p style=\"text-align: justify;\">Se inscreva no canal do Blog no You Tube<\/p>\n<p style=\"text-align: justify;\">Siga o Instagram do Blog @blogdoedvaldomagalhaes<\/p>\n","protected":false},"excerpt":{"rendered":"<p>O Complexo Municipal de Sa\u00fade Jacqueline Fernandes da Costa Silva, agora conta com a farm\u00e1cia do Ana Rodrigues (S\u00e3o Francisco&hellip;<\/p>\n","protected":false},"author":1,"featured_media":98251,"comment_status":"closed","ping_status":"open","sticky":false,"template":"","format":"standard","meta":{"footnotes":""},"categories":[14120],"tags":[2,19532,3406,27953],"class_list":["post-98250","post","type-post","status-publish","format-standard","has-post-thumbnail","hentry","category-noticias","tag-blog-do-edvaldo-magalhaes","tag-blog-mais-acessado-e-visualizado-de-caruaru-e-regiao","tag-caruaru","tag-farmacia-do-ana-rodrigues-e-unidade-de-atencao-psicossocial-estao-em-novo-endereco"],"_links":{"self":[{"href":"https:\/\/blogdoedvaldomagalhaes.com.br\/index.php\/wp-json\/wp\/v2\/posts\/98250","targetHints":{"allow":["GET"]}}],"collection":[{"href":"https:\/\/blogdoedvaldomagalhaes.com.br\/index.php\/wp-json\/wp\/v2\/posts"}],"about":[{"href":"https:\/\/blogdoedvaldomagalhaes.com.br\/index.php\/wp-json\/wp\/v2\/types\/post"}],"author":[{"embeddable":true,"href":"https:\/\/blogdoedvaldomagalhaes.com.br\/index.php\/wp-json\/wp\/v2\/users\/1"}],"replies":[{"embeddable":true,"href":"https:\/\/blogdoedvaldomagalhaes.com.br\/index.php\/wp-json\/wp\/v2\/comments?post=98250"}],"version-history":[{"count":1,"href":"https:\/\/blogdoedvaldomagalhaes.com.br\/index.php\/wp-json\/wp\/v2\/posts\/98250\/revisions"}],"predecessor-version":[{"id":98252,"href":"https:\/\/blogdoedvaldomagalhaes.com.br\/index.php\/wp-json\/wp\/v2\/posts\/98250\/revisions\/98252"}],"wp:featuredmedia":[{"embeddable":true,"href":"https:\/\/blogdoedvaldomagalhaes.com.br\/index.php\/wp-json\/wp\/v2\/media\/98251"}],"wp:attachment":[{"href":"https:\/\/blogdoedvaldomagalhaes.com.br\/index.php\/wp-json\/wp\/v2\/media?parent=98250"}],"wp:term":[{"taxonomy":"category","embeddable":true,"href":"https:\/\/blogdoedvaldomagalhaes.com.br\/index.php\/wp-json\/wp\/v2\/categories?post=98250"},{"taxonomy":"post_tag","embeddable":true,"href":"https:\/\/blogdoedvaldomagalhaes.com.br\/index.php\/wp-json\/wp\/v2\/tags?post=98250"}],"curies":[{"name":"wp","href":"https:\/\/api.w.org\/{rel}","templated":true}]}}