{"id":98247,"date":"2023-07-04T15:43:31","date_gmt":"2023-07-04T18:43:31","guid":{"rendered":"https:\/\/blogdoedvaldomagalhaes.com.br\/?p=98247"},"modified":"2023-07-04T15:43:32","modified_gmt":"2023-07-04T18:43:32","slug":"ame-animal-promove-a-1a-feira-de-adocao-responsavel-do-2o-semestre-de-2023","status":"publish","type":"post","link":"https:\/\/blogdoedvaldomagalhaes.com.br\/index.php\/2023\/07\/04\/ame-animal-promove-a-1a-feira-de-adocao-responsavel-do-2o-semestre-de-2023\/","title":{"rendered":"AME Animal promove a 1\u00aa feira de ado\u00e7\u00e3o respons\u00e1vel do 2\u00ba semestre de 2023"},"content":{"rendered":"<p style=\"text-align: justify;\"><span style=\"color: initial; font-size: revert;\">A AME Animal, promove nos quarta-feira (05) e quinta-feira (06), mais uma feirinha de ado\u00e7\u00e3o respons\u00e1vel de animais, essa edi\u00e7\u00e3o \u00e9 a primeira do segundo semestre de 2023.<\/span><\/p>\n<p style=\"text-align: justify;\">A feira que acontecer\u00e1 como de costume no marco zero da cidade, das 9h \u00e0s 14h. E faz parte do conjunto de a\u00e7\u00f5es do Projeto Meu Amig\u00e3o da Secretaria de Servi\u00e7os P\u00fablicos e Sustentabilidade (SESP).<\/p>\n<p style=\"text-align: justify;\">\u201cA AME realiza essas feirinhas para aquelas pessoas que sempre quiseram um animal de estima\u00e7\u00e3o, mas n\u00e3o t\u00eam condi\u00e7\u00f5es de pagar por um. Nessas ocasi\u00f5es a pessoa pode escolher o pet que conquistar o cora\u00e7\u00e3o. S\u00e3o animais saud\u00e1veis, cuidados pela nossa AME Animal e o tutor ainda recebe toda orienta\u00e7\u00e3o, tira todas as d\u00favidas com o M\u00e9dico Veterin\u00e1rio durante o ato de ado\u00e7\u00e3o\u201d, destacou Paulo Flor\u00eancio, gerente da AME Animal.<\/p>\n<p style=\"text-align: justify;\">Os interessados em adotar um bichinho, devem ter mais de 18 anos e comparecer ao local da feira portando RG e Comprovante de Resid\u00eancia.<\/p>\n<p style=\"text-align: justify;\">Se inscreva no canal do Blog no You Tube<\/p>\n<p style=\"text-align: justify;\">Siga o Instagram do Blog @blogdoedvaldomagalhaes<\/p>\n","protected":false},"excerpt":{"rendered":"<p>A AME Animal, promove nos quarta-feira (05) e quinta-feira (06), mais uma feirinha de ado\u00e7\u00e3o respons\u00e1vel de animais, essa edi\u00e7\u00e3o&hellip;<\/p>\n","protected":false},"author":1,"featured_media":98248,"comment_status":"closed","ping_status":"open","sticky":false,"template":"","format":"standard","meta":{"footnotes":""},"categories":[14120],"tags":[27952,2,19532,3406],"class_list":["post-98247","post","type-post","status-publish","format-standard","has-post-thumbnail","hentry","category-noticias","tag-ame-animal-promove-a-1a-feira-de-adocao-responsavel-do-2o-semestre-de-2023","tag-blog-do-edvaldo-magalhaes","tag-blog-mais-acessado-e-visualizado-de-caruaru-e-regiao","tag-caruaru"],"_links":{"self":[{"href":"https:\/\/blogdoedvaldomagalhaes.com.br\/index.php\/wp-json\/wp\/v2\/posts\/98247","targetHints":{"allow":["GET"]}}],"collection":[{"href":"https:\/\/blogdoedvaldomagalhaes.com.br\/index.php\/wp-json\/wp\/v2\/posts"}],"about":[{"href":"https:\/\/blogdoedvaldomagalhaes.com.br\/index.php\/wp-json\/wp\/v2\/types\/post"}],"author":[{"embeddable":true,"href":"https:\/\/blogdoedvaldomagalhaes.com.br\/index.php\/wp-json\/wp\/v2\/users\/1"}],"replies":[{"embeddable":true,"href":"https:\/\/blogdoedvaldomagalhaes.com.br\/index.php\/wp-json\/wp\/v2\/comments?post=98247"}],"version-history":[{"count":1,"href":"https:\/\/blogdoedvaldomagalhaes.com.br\/index.php\/wp-json\/wp\/v2\/posts\/98247\/revisions"}],"predecessor-version":[{"id":98249,"href":"https:\/\/blogdoedvaldomagalhaes.com.br\/index.php\/wp-json\/wp\/v2\/posts\/98247\/revisions\/98249"}],"wp:featuredmedia":[{"embeddable":true,"href":"https:\/\/blogdoedvaldomagalhaes.com.br\/index.php\/wp-json\/wp\/v2\/media\/98248"}],"wp:attachment":[{"href":"https:\/\/blogdoedvaldomagalhaes.com.br\/index.php\/wp-json\/wp\/v2\/media?parent=98247"}],"wp:term":[{"taxonomy":"category","embeddable":true,"href":"https:\/\/blogdoedvaldomagalhaes.com.br\/index.php\/wp-json\/wp\/v2\/categories?post=98247"},{"taxonomy":"post_tag","embeddable":true,"href":"https:\/\/blogdoedvaldomagalhaes.com.br\/index.php\/wp-json\/wp\/v2\/tags?post=98247"}],"curies":[{"name":"wp","href":"https:\/\/api.w.org\/{rel}","templated":true}]}}