{"id":98243,"date":"2023-07-04T15:22:04","date_gmt":"2023-07-04T18:22:04","guid":{"rendered":"https:\/\/blogdoedvaldomagalhaes.com.br\/?p=98243"},"modified":"2023-07-04T15:22:05","modified_gmt":"2023-07-04T18:22:05","slug":"bepi-erradica-plantacao-de-maconha-e-biesp-apreende-mais-de-12-kg-de-droga","status":"publish","type":"post","link":"https:\/\/blogdoedvaldomagalhaes.com.br\/index.php\/2023\/07\/04\/bepi-erradica-plantacao-de-maconha-e-biesp-apreende-mais-de-12-kg-de-droga\/","title":{"rendered":"BEPI erradica planta\u00e7\u00e3o de maconha, e BIEsp apreende mais de 12 kg de droga"},"content":{"rendered":"<p style=\"text-align: justify;\"><span style=\"color: initial; font-size: revert;\">Policiais militares do BEPI erradicaram, segunda-feira (03\/07), mais um plantio de maconha no Sert\u00e3o pernambucano. O efetivo fez deslocamento at\u00e9 a localidade Lage das Pombas, na zona rural de Floresta, e encontrou a planta\u00e7\u00e3o.<\/span><\/p>\n<p style=\"text-align: justify;\">Havia no local 2.030 covas, totalizando 10.150 p\u00e9s do entorpecente, que foram incinerados, exceto uma pequena amostragem que foi apresentada na Delegacia de Pol\u00edcia Federal, juntamente com uma espingarda calibre 12 com tr\u00eas cartuchos e duas motosserras apreendidas no acesso ao ro\u00e7ado.<\/p>\n\n\n<figure class=\"wp-block-image size-large\"><img loading=\"lazy\" decoding=\"async\" width=\"1024\" height=\"1024\" src=\"https:\/\/blogdoedvaldomagalhaes.com.br\/wp-content\/uploads\/2023\/07\/IMG-20230704-WA0075-1024x1024.jpg\" alt=\"\" class=\"wp-image-98244\" srcset=\"https:\/\/blogdoedvaldomagalhaes.com.br\/wp-content\/uploads\/2023\/07\/IMG-20230704-WA0075-1024x1024.jpg 1024w, https:\/\/blogdoedvaldomagalhaes.com.br\/wp-content\/uploads\/2023\/07\/IMG-20230704-WA0075-300x300.jpg 300w, https:\/\/blogdoedvaldomagalhaes.com.br\/wp-content\/uploads\/2023\/07\/IMG-20230704-WA0075-150x150.jpg 150w, https:\/\/blogdoedvaldomagalhaes.com.br\/wp-content\/uploads\/2023\/07\/IMG-20230704-WA0075-768x768.jpg 768w, https:\/\/blogdoedvaldomagalhaes.com.br\/wp-content\/uploads\/2023\/07\/IMG-20230704-WA0075-1536x1536.jpg 1536w, https:\/\/blogdoedvaldomagalhaes.com.br\/wp-content\/uploads\/2023\/07\/IMG-20230704-WA0075.jpg 1600w\" sizes=\"auto, (max-width: 1024px) 100vw, 1024px\" \/><\/figure>\n\n\n<p style=\"text-align: justify;\"><span style=\"color: initial; font-size: revert;\">Policiais militares do 2\u00ba BIEsp realizaram uma importante apreens\u00e3o de entorpecentes, na madrugada desta ter\u00e7a-feira (04\/07), em Petrolina. O efetivo recebeu uma den\u00fancia an\u00f4nima sobre um transporte de drogas numa estrada de terra, realizou dilig\u00eancias e localizou os suspeitos.<\/span><\/p>\n<p style=\"text-align: justify;\">Eles estavam em uma motocicleta e o passageiro levava uma mala de viagem no colo. A dupla fugiu ao notar a presen\u00e7a do policiamento, e a mala foi jogada fora. N\u00e3o foi poss\u00edvel alcan\u00e7ar os envolvidos, mas na bagagem foram encontrados 25 tabletes de maconha, que juntos pesavam 12,668kg. Todo o material foi entregue na Delegacia de Plant\u00e3o, para ado\u00e7\u00e3o das medidas cab\u00edveis. Fotos: Divulga\u00e7\u00e3o\/PM<\/p>\n<p style=\"text-align: justify;\">Se inscreva no canal do Blog You Tube<\/p>\n<p style=\"text-align: justify;\">Siga o Instagram do Blog @blogdoedvaldomagalhaes<\/p>","protected":false},"excerpt":{"rendered":"<p>Policiais militares do BEPI erradicaram, segunda-feira (03\/07), mais um plantio de maconha no Sert\u00e3o pernambucano. O efetivo fez deslocamento at\u00e9&hellip;<\/p>\n","protected":false},"author":1,"featured_media":98245,"comment_status":"closed","ping_status":"open","sticky":false,"template":"","format":"standard","meta":{"footnotes":""},"categories":[14121],"tags":[27951,2,19532,3406],"class_list":["post-98243","post","type-post","status-publish","format-standard","has-post-thumbnail","hentry","category-policial","tag-bepi-erradica-plantacao-de-maconha-e-biesp-apreende-mais-de-12-kg-de-droga","tag-blog-do-edvaldo-magalhaes","tag-blog-mais-acessado-e-visualizado-de-caruaru-e-regiao","tag-caruaru"],"_links":{"self":[{"href":"https:\/\/blogdoedvaldomagalhaes.com.br\/index.php\/wp-json\/wp\/v2\/posts\/98243","targetHints":{"allow":["GET"]}}],"collection":[{"href":"https:\/\/blogdoedvaldomagalhaes.com.br\/index.php\/wp-json\/wp\/v2\/posts"}],"about":[{"href":"https:\/\/blogdoedvaldomagalhaes.com.br\/index.php\/wp-json\/wp\/v2\/types\/post"}],"author":[{"embeddable":true,"href":"https:\/\/blogdoedvaldomagalhaes.com.br\/index.php\/wp-json\/wp\/v2\/users\/1"}],"replies":[{"embeddable":true,"href":"https:\/\/blogdoedvaldomagalhaes.com.br\/index.php\/wp-json\/wp\/v2\/comments?post=98243"}],"version-history":[{"count":1,"href":"https:\/\/blogdoedvaldomagalhaes.com.br\/index.php\/wp-json\/wp\/v2\/posts\/98243\/revisions"}],"predecessor-version":[{"id":98246,"href":"https:\/\/blogdoedvaldomagalhaes.com.br\/index.php\/wp-json\/wp\/v2\/posts\/98243\/revisions\/98246"}],"wp:featuredmedia":[{"embeddable":true,"href":"https:\/\/blogdoedvaldomagalhaes.com.br\/index.php\/wp-json\/wp\/v2\/media\/98245"}],"wp:attachment":[{"href":"https:\/\/blogdoedvaldomagalhaes.com.br\/index.php\/wp-json\/wp\/v2\/media?parent=98243"}],"wp:term":[{"taxonomy":"category","embeddable":true,"href":"https:\/\/blogdoedvaldomagalhaes.com.br\/index.php\/wp-json\/wp\/v2\/categories?post=98243"},{"taxonomy":"post_tag","embeddable":true,"href":"https:\/\/blogdoedvaldomagalhaes.com.br\/index.php\/wp-json\/wp\/v2\/tags?post=98243"}],"curies":[{"name":"wp","href":"https:\/\/api.w.org\/{rel}","templated":true}]}}