{"id":98237,"date":"2023-07-04T08:54:38","date_gmt":"2023-07-04T11:54:38","guid":{"rendered":"https:\/\/blogdoedvaldomagalhaes.com.br\/?p=98237"},"modified":"2023-07-04T08:54:39","modified_gmt":"2023-07-04T11:54:39","slug":"carro-roubado-em-caruaru-e-recuperado-pela-pc-e-prf-em-garanhuns","status":"publish","type":"post","link":"https:\/\/blogdoedvaldomagalhaes.com.br\/index.php\/2023\/07\/04\/carro-roubado-em-caruaru-e-recuperado-pela-pc-e-prf-em-garanhuns\/","title":{"rendered":"Carro roubado em Caruaru \u00e9 recuperado pela PC e PRF em Garanhuns"},"content":{"rendered":"<p style=\"text-align: justify;\">Um carro roubado foi recuperado, na segunda-feira (3), em a\u00e7\u00e3o conjunta da 134\u00aa Circunscri\u00e7\u00e3o de Pol\u00edcia Civil de Garanhuns e Pol\u00edcia Rodovi\u00e1ria Federal (PRF). O ve\u00edculo havia sido roubado em dezembro do ano passado, em Caruaru.<\/p>\n<p style=\"text-align: justify;\">Policiais do Grupo de Patrulhamento T\u00e1tico da PRF foram acionados pela equipe da Pol\u00edcia Civil para prestar apoio em uma abordagem. O ve\u00edculo foi localizado em uma borracharia e, ap\u00f3s consulta, foi descoberto o registro de roubo.<\/p>\n<p style=\"text-align: justify;\">A condutora disse que o carro pertencia ao marido dela, que negocia ve\u00edculos usados. Ela foi encaminhada \u00e0 Delegacia de Pol\u00edcia Civil de Garanhuns, que ir\u00e1 investigar o caso. Foto: Divulga\u00e7\u00e3o\/PRF.<\/p>\n<p style=\"text-align: justify;\">Se inscreva no canal do Blog no You Tube<\/p>\n<p style=\"text-align: justify;\">Siga o Instagram do Blog @blogdoedvaldomagalhaes<\/p>\n","protected":false},"excerpt":{"rendered":"<p>Um carro roubado foi recuperado, na segunda-feira (3), em a\u00e7\u00e3o conjunta da 134\u00aa Circunscri\u00e7\u00e3o de Pol\u00edcia Civil de Garanhuns e&hellip;<\/p>\n","protected":false},"author":1,"featured_media":98238,"comment_status":"closed","ping_status":"open","sticky":false,"template":"","format":"standard","meta":{"footnotes":""},"categories":[14121],"tags":[2,19532,27949,3406],"class_list":["post-98237","post","type-post","status-publish","format-standard","has-post-thumbnail","hentry","category-policial","tag-blog-do-edvaldo-magalhaes","tag-blog-mais-acessado-e-visualizado-de-caruaru-e-regiao","tag-carro-roubado-em-caruaru-e-recuperado-pela-pc-e-prf-em-garanhuns","tag-caruaru"],"_links":{"self":[{"href":"https:\/\/blogdoedvaldomagalhaes.com.br\/index.php\/wp-json\/wp\/v2\/posts\/98237","targetHints":{"allow":["GET"]}}],"collection":[{"href":"https:\/\/blogdoedvaldomagalhaes.com.br\/index.php\/wp-json\/wp\/v2\/posts"}],"about":[{"href":"https:\/\/blogdoedvaldomagalhaes.com.br\/index.php\/wp-json\/wp\/v2\/types\/post"}],"author":[{"embeddable":true,"href":"https:\/\/blogdoedvaldomagalhaes.com.br\/index.php\/wp-json\/wp\/v2\/users\/1"}],"replies":[{"embeddable":true,"href":"https:\/\/blogdoedvaldomagalhaes.com.br\/index.php\/wp-json\/wp\/v2\/comments?post=98237"}],"version-history":[{"count":1,"href":"https:\/\/blogdoedvaldomagalhaes.com.br\/index.php\/wp-json\/wp\/v2\/posts\/98237\/revisions"}],"predecessor-version":[{"id":98239,"href":"https:\/\/blogdoedvaldomagalhaes.com.br\/index.php\/wp-json\/wp\/v2\/posts\/98237\/revisions\/98239"}],"wp:featuredmedia":[{"embeddable":true,"href":"https:\/\/blogdoedvaldomagalhaes.com.br\/index.php\/wp-json\/wp\/v2\/media\/98238"}],"wp:attachment":[{"href":"https:\/\/blogdoedvaldomagalhaes.com.br\/index.php\/wp-json\/wp\/v2\/media?parent=98237"}],"wp:term":[{"taxonomy":"category","embeddable":true,"href":"https:\/\/blogdoedvaldomagalhaes.com.br\/index.php\/wp-json\/wp\/v2\/categories?post=98237"},{"taxonomy":"post_tag","embeddable":true,"href":"https:\/\/blogdoedvaldomagalhaes.com.br\/index.php\/wp-json\/wp\/v2\/tags?post=98237"}],"curies":[{"name":"wp","href":"https:\/\/api.w.org\/{rel}","templated":true}]}}