{"id":98234,"date":"2023-07-04T08:42:50","date_gmt":"2023-07-04T11:42:50","guid":{"rendered":"https:\/\/blogdoedvaldomagalhaes.com.br\/?p=98234"},"modified":"2023-07-04T08:42:51","modified_gmt":"2023-07-04T11:42:51","slug":"sismuc-regional-realiza-assembleia-com-agentes-da-guarda-municipal-nesta-quarta-5","status":"publish","type":"post","link":"https:\/\/blogdoedvaldomagalhaes.com.br\/index.php\/2023\/07\/04\/sismuc-regional-realiza-assembleia-com-agentes-da-guarda-municipal-nesta-quarta-5\/","title":{"rendered":"SISMUC &#8211; Regional realiza assembleia com Agentes da Guarda Municipal nesta quarta (5)"},"content":{"rendered":"<p style=\"text-align: justify;\">SISMUC &#8211; Regional realiza assembleia com Agentes da Guarda Municipal nesta quarta-feira (05)<\/p>\n<p style=\"text-align: justify;\">O Sindicato dos Servidores Municipais de Caruaru (Sismuc) realiza nesta quarta-feira (05), uma Assembleia Geral Extraordin\u00e1ria com os Agentes da Guarda Municipal e os servidores em geral da Autarquia Municipal de Tr\u00e2nsito e Transportes (AMTTC).<\/p>\n<p style=\"text-align: justify;\">Em pauta, informes gerais, al\u00e9m de debater a portaria SECOP n\u00b029, de 22 de junho desse ano. O encontro acontecer\u00e1, \u00e0s 9h, na sede do SISMUC &#8211; na Rua Padre F\u00e9lix Barreto, n\u00b0 50. Foto da sede do Sismuc Regional: Divulga\u00e7\u00e3o.<\/p>\n<p style=\"text-align: justify;\">Se inscreva no canal do Blog no You Tube<\/p>\n<p style=\"text-align: justify;\">Siga o Instagram do Blog @blogdoedvaldomagalhaes<\/p>\n","protected":false},"excerpt":{"rendered":"<p>SISMUC &#8211; Regional realiza assembleia com Agentes da Guarda Municipal nesta quarta-feira (05) O Sindicato dos Servidores Municipais de Caruaru&hellip;<\/p>\n","protected":false},"author":1,"featured_media":98235,"comment_status":"closed","ping_status":"open","sticky":false,"template":"","format":"standard","meta":{"footnotes":""},"categories":[14120],"tags":[2,19532,3406,27948],"class_list":["post-98234","post","type-post","status-publish","format-standard","has-post-thumbnail","hentry","category-noticias","tag-blog-do-edvaldo-magalhaes","tag-blog-mais-acessado-e-visualizado-de-caruaru-e-regiao","tag-caruaru","tag-sismuc-regional-realiza-assembleia-com-agentes-da-guarda-municipal-nesta-quarta-5"],"_links":{"self":[{"href":"https:\/\/blogdoedvaldomagalhaes.com.br\/index.php\/wp-json\/wp\/v2\/posts\/98234","targetHints":{"allow":["GET"]}}],"collection":[{"href":"https:\/\/blogdoedvaldomagalhaes.com.br\/index.php\/wp-json\/wp\/v2\/posts"}],"about":[{"href":"https:\/\/blogdoedvaldomagalhaes.com.br\/index.php\/wp-json\/wp\/v2\/types\/post"}],"author":[{"embeddable":true,"href":"https:\/\/blogdoedvaldomagalhaes.com.br\/index.php\/wp-json\/wp\/v2\/users\/1"}],"replies":[{"embeddable":true,"href":"https:\/\/blogdoedvaldomagalhaes.com.br\/index.php\/wp-json\/wp\/v2\/comments?post=98234"}],"version-history":[{"count":1,"href":"https:\/\/blogdoedvaldomagalhaes.com.br\/index.php\/wp-json\/wp\/v2\/posts\/98234\/revisions"}],"predecessor-version":[{"id":98236,"href":"https:\/\/blogdoedvaldomagalhaes.com.br\/index.php\/wp-json\/wp\/v2\/posts\/98234\/revisions\/98236"}],"wp:featuredmedia":[{"embeddable":true,"href":"https:\/\/blogdoedvaldomagalhaes.com.br\/index.php\/wp-json\/wp\/v2\/media\/98235"}],"wp:attachment":[{"href":"https:\/\/blogdoedvaldomagalhaes.com.br\/index.php\/wp-json\/wp\/v2\/media?parent=98234"}],"wp:term":[{"taxonomy":"category","embeddable":true,"href":"https:\/\/blogdoedvaldomagalhaes.com.br\/index.php\/wp-json\/wp\/v2\/categories?post=98234"},{"taxonomy":"post_tag","embeddable":true,"href":"https:\/\/blogdoedvaldomagalhaes.com.br\/index.php\/wp-json\/wp\/v2\/tags?post=98234"}],"curies":[{"name":"wp","href":"https:\/\/api.w.org\/{rel}","templated":true}]}}