{"id":98230,"date":"2023-07-03T21:09:14","date_gmt":"2023-07-04T00:09:14","guid":{"rendered":"https:\/\/blogdoedvaldomagalhaes.com.br\/?p=98230"},"modified":"2023-07-03T21:09:15","modified_gmt":"2023-07-04T00:09:15","slug":"prefeito-rodrigo-pinheiro-recebe-novos-onibus-escolares-da-governadora-raquel-lyra","status":"publish","type":"post","link":"https:\/\/blogdoedvaldomagalhaes.com.br\/index.php\/2023\/07\/03\/prefeito-rodrigo-pinheiro-recebe-novos-onibus-escolares-da-governadora-raquel-lyra\/","title":{"rendered":"Prefeito Rodrigo Pinheiro recebe novos \u00f4nibus escolares da governadora Raquel Lyra"},"content":{"rendered":"<p style=\"text-align: justify;\"><span style=\"color: initial; font-size: revert;\">Em cerim\u00f4nia realizada, nesta segunda-feira (03), no Pal\u00e1cio do Campo das Princesas, no Recife, o prefeito de Caruaru, Rodrigo Pinheiro, acompanhado pela secret\u00e1ria municipal de Educa\u00e7\u00e3o e Esportes, Aline Tib\u00farcio, e pela equipe da Ger\u00eancia de Transportes da Secretaria de Educa\u00e7\u00e3o e Esportes, foi contemplado com quatro \u00f4nibus escolares para o munic\u00edpio.<\/span><\/p>\n<p style=\"text-align: justify;\">&#8220;\u00c9 um dia de bastante alegria para Caruaru, pois recebemos da governadora Raquel Lyra tr\u00eas novos \u00f4nibus escolares e um do deputado estadual pastor Adauto. Quatro novos \u00f4nibus que se somam aos 24 que n\u00f3s j\u00e1 compramos com recurso pr\u00f3prio em nossa gest\u00e3o. Sendo, assim, a maior aquisi\u00e7\u00e3o de \u00f4nibus escolares da hist\u00f3ria de Caruaru&#8221;, disse o prefeito Rodrigo Pinheiro.<\/p>\n<p style=\"text-align: justify;\">A aquisi\u00e7\u00e3o de \u00f4nibus escolares integra o Programa Estadual &#8220;Juntos Pela Educa\u00e7\u00e3o&#8221;. Em Caruaru, os \u00f4nibus escolares atendem aos estudantes das \u00e1reas urbana e rural do munic\u00edpio, sendo, muitas vezes, o \u00fanico meio de transporte dispon\u00edvel.<\/p>\n<p style=\"text-align: justify;\">&#8220;Esses \u00f4nibus vem para ampliar ainda mais o atendimento aos nossos estudantes e garantir uma melhor cobertura para as escolas municipais de Caruaru&#8221;, comemorou a secret\u00e1ria de Educa\u00e7\u00e3o e Esportes, Aline Tib\u00farcio.<\/p>\n<p style=\"text-align: justify;\">&#8220;Caruaru segue avan\u00e7ando, tendo a educa\u00e7\u00e3o como prioridade&#8221;, complementou, Rodrigo Pinheiro.<\/p>\n<p style=\"text-align: justify;\">Atualmente, a frota da Seduc possui 55 \u00f4nibus (incluindo os quatro novos) 15 vans e sete caminh\u00f5es de merenda.<\/p>\n<p style=\"text-align: justify;\">Se inscreva no canal do Blog no You Tube<\/p>\n<p style=\"text-align: justify;\">Siga o Instagram do Blog @blogdoedvaldomagalhaes<\/p>\n\n\n<figure class=\"wp-block-image size-large\"><img loading=\"lazy\" decoding=\"async\" width=\"1024\" height=\"768\" src=\"https:\/\/blogdoedvaldomagalhaes.com.br\/wp-content\/uploads\/2023\/07\/IMG-20230703-WA0119-1024x768.jpg\" alt=\"\" class=\"wp-image-98232\" srcset=\"https:\/\/blogdoedvaldomagalhaes.com.br\/wp-content\/uploads\/2023\/07\/IMG-20230703-WA0119-1024x768.jpg 1024w, https:\/\/blogdoedvaldomagalhaes.com.br\/wp-content\/uploads\/2023\/07\/IMG-20230703-WA0119-300x225.jpg 300w, https:\/\/blogdoedvaldomagalhaes.com.br\/wp-content\/uploads\/2023\/07\/IMG-20230703-WA0119-768x576.jpg 768w, https:\/\/blogdoedvaldomagalhaes.com.br\/wp-content\/uploads\/2023\/07\/IMG-20230703-WA0119-1536x1152.jpg 1536w, https:\/\/blogdoedvaldomagalhaes.com.br\/wp-content\/uploads\/2023\/07\/IMG-20230703-WA0119-160x120.jpg 160w, https:\/\/blogdoedvaldomagalhaes.com.br\/wp-content\/uploads\/2023\/07\/IMG-20230703-WA0119.jpg 1600w\" sizes=\"auto, (max-width: 1024px) 100vw, 1024px\" \/><figcaption class=\"wp-element-caption\">Fotos: Thiago Azevedo<\/figcaption><\/figure>\n","protected":false},"excerpt":{"rendered":"<p>Em cerim\u00f4nia realizada, nesta segunda-feira (03), no Pal\u00e1cio do Campo das Princesas, no Recife, o prefeito de Caruaru, Rodrigo Pinheiro,&hellip;<\/p>\n","protected":false},"author":1,"featured_media":98231,"comment_status":"closed","ping_status":"open","sticky":false,"template":"","format":"standard","meta":{"footnotes":""},"categories":[14122],"tags":[2,19532,3406,20,27947],"class_list":["post-98230","post","type-post","status-publish","format-standard","has-post-thumbnail","hentry","category-politica","tag-blog-do-edvaldo-magalhaes","tag-blog-mais-acessado-e-visualizado-de-caruaru-e-regiao","tag-caruaru","tag-politica","tag-prefeito-rodrigo-pinheiro-recebe-novos-onibus-escolares-da-governadora-raquel-lyra"],"_links":{"self":[{"href":"https:\/\/blogdoedvaldomagalhaes.com.br\/index.php\/wp-json\/wp\/v2\/posts\/98230","targetHints":{"allow":["GET"]}}],"collection":[{"href":"https:\/\/blogdoedvaldomagalhaes.com.br\/index.php\/wp-json\/wp\/v2\/posts"}],"about":[{"href":"https:\/\/blogdoedvaldomagalhaes.com.br\/index.php\/wp-json\/wp\/v2\/types\/post"}],"author":[{"embeddable":true,"href":"https:\/\/blogdoedvaldomagalhaes.com.br\/index.php\/wp-json\/wp\/v2\/users\/1"}],"replies":[{"embeddable":true,"href":"https:\/\/blogdoedvaldomagalhaes.com.br\/index.php\/wp-json\/wp\/v2\/comments?post=98230"}],"version-history":[{"count":1,"href":"https:\/\/blogdoedvaldomagalhaes.com.br\/index.php\/wp-json\/wp\/v2\/posts\/98230\/revisions"}],"predecessor-version":[{"id":98233,"href":"https:\/\/blogdoedvaldomagalhaes.com.br\/index.php\/wp-json\/wp\/v2\/posts\/98230\/revisions\/98233"}],"wp:featuredmedia":[{"embeddable":true,"href":"https:\/\/blogdoedvaldomagalhaes.com.br\/index.php\/wp-json\/wp\/v2\/media\/98231"}],"wp:attachment":[{"href":"https:\/\/blogdoedvaldomagalhaes.com.br\/index.php\/wp-json\/wp\/v2\/media?parent=98230"}],"wp:term":[{"taxonomy":"category","embeddable":true,"href":"https:\/\/blogdoedvaldomagalhaes.com.br\/index.php\/wp-json\/wp\/v2\/categories?post=98230"},{"taxonomy":"post_tag","embeddable":true,"href":"https:\/\/blogdoedvaldomagalhaes.com.br\/index.php\/wp-json\/wp\/v2\/tags?post=98230"}],"curies":[{"name":"wp","href":"https:\/\/api.w.org\/{rel}","templated":true}]}}