{"id":98226,"date":"2023-07-03T19:25:34","date_gmt":"2023-07-03T22:25:34","guid":{"rendered":"https:\/\/blogdoedvaldomagalhaes.com.br\/?p=98226"},"modified":"2023-07-03T19:25:35","modified_gmt":"2023-07-03T22:25:35","slug":"sanitarista-assume-direcao-do-hospital-jesus-nazareno-fusam-em-caruaru","status":"publish","type":"post","link":"https:\/\/blogdoedvaldomagalhaes.com.br\/index.php\/2023\/07\/03\/sanitarista-assume-direcao-do-hospital-jesus-nazareno-fusam-em-caruaru\/","title":{"rendered":"Sanitarista assume dire\u00e7\u00e3o do Hospital Jesus Nazareno (Fusam) em Caruaru"},"content":{"rendered":"<p style=\"text-align: justify;\">O Hospital Jesus Nazareno (HJN), em Caruaru, conta com nova dire\u00e7\u00e3o. Est\u00e1 assumindo a dire\u00e7\u00e3o-geral da unidade o sanitarista Dayvid Epif\u00e2nio, que tem mais de treze anos de experi\u00eancia na gest\u00e3o p\u00fablica. Nesta segunda-feira (03\/07), o novo diretor assume a unidade e, na oportunidade, ser\u00e1 apresentado oficialmente \u00e0 equipe de colaboradores e profissionais de sa\u00fade do servi\u00e7o.<\/p>\n<p>O gestor ressalta que a administra\u00e7\u00e3o est\u00e1 focada nas melhorias necess\u00e1rias da unidade de sa\u00fade. \u201c\u00c9 um grande desafio administrar o Jesus Nazareno, que \u00e9 refer\u00eancia para noventa munic\u00edpios em gesta\u00e7\u00e3o de alto risco. Estamos prontos para colaborar com o hospital, trazendo para a unidade toda nossa experi\u00eancia em administra\u00e7\u00e3o da sa\u00fade p\u00fablica. Um dos nossos desafios \u00e9 tornar cada dia mais os servi\u00e7os do HJN como refer\u00eancia para o Estado em humaniza\u00e7\u00e3o e cuidado no atendimento\u201d, pontua Dayvid Epif\u00e2nio.<\/p>\n<p>Dayvid \u00e9 formado em Sa\u00fade Coletiva pela Asces-Unita, tem especializa\u00e7\u00e3o em Inform\u00e1tica na Sa\u00fade pela Universidade Federal do Rio Grande do Norte (UFRN) e MBA em Gest\u00e3o Hospitalar e Servi\u00e7os de Sa\u00fade, pela Universidade Cat\u00f3lica de Pernambuco (Unicap) . Graduando em Qu\u00edmica pela Universidade Federal de Pernambuco (UFPE), Dayvid Epif\u00e2nio atuou como Diretor Administrativo da Unidade de Pronto Atendimento Rendeiras, em Caruaru, por mais de 4 anos. O novo diretor estava na gest\u00e3o da UPA do Vassoural, tamb\u00e9m localizada na cidade do Agreste, \u00a0at\u00e9 assumir o HJN.<\/p>\n<p><b data-removefontsize=\"true\" data-originalcomputedfontsize=\"16\">Hospital Jesus Nazareno<\/b><\/p>\n<p>O HJN \u00e9 refer\u00eancia para gesta\u00e7\u00e3o de alto risco para 90 munic\u00edpios de Pernambuco, onde ainda est\u00e3o inclu\u00eddas as microrregi\u00f5es de Serra talhada, Afogados da Ingazeira, Arcoverde, Garanhuns e Caruaru, abrangendo uma popula\u00e7\u00e3o de cerca de 2,5 milh\u00f5es de habitantes.<\/p>\n<p>A maternidade realiza cerca 400 partos por m\u00eas, sendo 60% deles de alto risco. O Jesus Nazareno, que possui 98 leitos, integra o quadro de hospitais \u201cAmigo da Crian\u00e7a\u201d, ou seja, cumpre todos os passos estabelecidos pelo Minist\u00e9rio da Sa\u00fade sobre aleitamento materno.<\/p>\n","protected":false},"excerpt":{"rendered":"<p>O Hospital Jesus Nazareno (HJN), em Caruaru, conta com nova dire\u00e7\u00e3o. Est\u00e1 assumindo a dire\u00e7\u00e3o-geral da unidade o sanitarista Dayvid&hellip;<\/p>\n","protected":false},"author":1,"featured_media":98227,"comment_status":"closed","ping_status":"open","sticky":false,"template":"","format":"standard","meta":{"footnotes":""},"categories":[14120],"tags":[2,19418,3406,27946],"class_list":["post-98226","post","type-post","status-publish","format-standard","has-post-thumbnail","hentry","category-noticias","tag-blog-do-edvaldo-magalhaes","tag-blog-mais-acessado-de-caruaru-e-regiao","tag-caruaru","tag-sanitarista-assume-direcao-do-hospital-jesus-nazareno-fusam-em-caruaru"],"_links":{"self":[{"href":"https:\/\/blogdoedvaldomagalhaes.com.br\/index.php\/wp-json\/wp\/v2\/posts\/98226","targetHints":{"allow":["GET"]}}],"collection":[{"href":"https:\/\/blogdoedvaldomagalhaes.com.br\/index.php\/wp-json\/wp\/v2\/posts"}],"about":[{"href":"https:\/\/blogdoedvaldomagalhaes.com.br\/index.php\/wp-json\/wp\/v2\/types\/post"}],"author":[{"embeddable":true,"href":"https:\/\/blogdoedvaldomagalhaes.com.br\/index.php\/wp-json\/wp\/v2\/users\/1"}],"replies":[{"embeddable":true,"href":"https:\/\/blogdoedvaldomagalhaes.com.br\/index.php\/wp-json\/wp\/v2\/comments?post=98226"}],"version-history":[{"count":1,"href":"https:\/\/blogdoedvaldomagalhaes.com.br\/index.php\/wp-json\/wp\/v2\/posts\/98226\/revisions"}],"predecessor-version":[{"id":98228,"href":"https:\/\/blogdoedvaldomagalhaes.com.br\/index.php\/wp-json\/wp\/v2\/posts\/98226\/revisions\/98228"}],"wp:featuredmedia":[{"embeddable":true,"href":"https:\/\/blogdoedvaldomagalhaes.com.br\/index.php\/wp-json\/wp\/v2\/media\/98227"}],"wp:attachment":[{"href":"https:\/\/blogdoedvaldomagalhaes.com.br\/index.php\/wp-json\/wp\/v2\/media?parent=98226"}],"wp:term":[{"taxonomy":"category","embeddable":true,"href":"https:\/\/blogdoedvaldomagalhaes.com.br\/index.php\/wp-json\/wp\/v2\/categories?post=98226"},{"taxonomy":"post_tag","embeddable":true,"href":"https:\/\/blogdoedvaldomagalhaes.com.br\/index.php\/wp-json\/wp\/v2\/tags?post=98226"}],"curies":[{"name":"wp","href":"https:\/\/api.w.org\/{rel}","templated":true}]}}