{"id":98223,"date":"2023-07-03T14:13:30","date_gmt":"2023-07-03T17:13:30","guid":{"rendered":"https:\/\/blogdoedvaldomagalhaes.com.br\/?p=98223"},"modified":"2023-07-03T14:13:31","modified_gmt":"2023-07-03T17:13:31","slug":"prf-vai-inaugurar-nova-delegacia-e-unidade-operacional-em-caruaru","status":"publish","type":"post","link":"https:\/\/blogdoedvaldomagalhaes.com.br\/index.php\/2023\/07\/03\/prf-vai-inaugurar-nova-delegacia-e-unidade-operacional-em-caruaru\/","title":{"rendered":"PRF vai inaugurar nova delegacia e unidade operacional em Caruaru"},"content":{"rendered":"<p style=\"text-align: justify;\"><span style=\"font-size: revert;\">A Pol\u00edcia Rodovi\u00e1ria Federal (PRF) entrega \u00e0 sociedade pernambucana uma nova Delegacia e Unidade Operacional (UOP) na cidade de Caruaru, no Agreste do estado. O evento de inaugura\u00e7\u00e3o ser\u00e1 realizado na manh\u00e3 desta ter\u00e7a (04) na \u00e1rea externa das novas edifica\u00e7\u00f5es, localizadas no km 57 da BR-104.<\/span><\/p>\n<p style=\"text-align: justify;\">A entrega dos novos pr\u00e9dios refletem a prioridade dada pela PRF \u00e0 reestrutura\u00e7\u00e3o da infraestrutura predial. A iniciativa busca possibilitar maior efetividade nas fiscaliza\u00e7\u00f5es, oferecer melhores condi\u00e7\u00f5es de trabalho e tamb\u00e9m seguran\u00e7a aos policiais e, especialmente, oferecer um atendimento de excel\u00eancia \u00e0 sociedade. Esta qualidade na presta\u00e7\u00e3o de servi\u00e7o aos usu\u00e1rios das rodovias federais em todo o pa\u00eds \u00e9 o destaque das comemora\u00e7\u00f5es de 95 anos da PRF, no dia 24 de julho.<\/p>\n<p style=\"text-align: justify;\">Com a inaugura\u00e7\u00e3o, a gest\u00e3o administrativa e operacional da PRF em Caruaru deixa os pr\u00e9dios \u00e0 margem da BR-232 e passa a funcionar na BR-104. A nova Delegacia tem 308 m\u00b2 de \u00e1rea constru\u00edda e 414 m\u00b2 de \u00e1rea coberta. J\u00e1 o novo pr\u00e9dio da UOP foi constru\u00eddo em dois pavimentos, s\u00e3o 233 m\u00b2. A institui\u00e7\u00e3o investiu em prote\u00e7\u00e3o bal\u00edstica (blindagem) garantindo melhor seguran\u00e7a para o efetivo e o p\u00fablico que l\u00e1 ser\u00e1 atendido. A \u00e1rea externa coberta, s\u00e3o 760 m\u00b2, chama a aten\u00e7\u00e3o na nova estrutura e confere maior conforto para as fiscaliza\u00e7\u00f5es.<\/p>\n<p style=\"text-align: justify;\">As novas edifica\u00e7\u00f5es ser\u00e3o conhecidas de perto pelo efetivo e autoridades convidados a participar do evento de inaugura\u00e7\u00e3o, que contar\u00e1 ainda com a presen\u00e7a do Diretor Geral da PRF, Fernando Oliveira, e do Superintendente da PRF\/PE, Rodrigues Silva.<\/p>\n<p style=\"text-align: justify;\">SOB NOVA GEST\u00c3O \u2013 O evento de inaugura\u00e7\u00e3o das novas edifica\u00e7\u00f5es da PRF em Caruaru ser\u00e1 tamb\u00e9m o momento em que o PRF H\u00e9lio Davino tomar\u00e1 posse formalmente no cargo de Chefe da Delegacia. O policial sucede o PRF Gilsomar Fabiano que por 5 anos esteve comandando a gest\u00e3o na regi\u00e3o.<\/p>\n<p style=\"text-align: justify;\">Como novo gestor, o PRF H\u00e9lio Davino tem pela frente os desafios de gerir a administra\u00e7\u00e3o e a\u00e7\u00f5es operacionais da Delegacia, que conta com seus servidores distribu\u00eddos ainda em suas duas Unidades Operacionais (UOPs), localizadas em Gravat\u00e1 e Caruaru. No total, s\u00e3o cerca de 233 quil\u00f4metros de rodovia federal sob a circunscri\u00e7\u00e3o da nova DEL02.<\/p>\n<p style=\"text-align: justify;\">RESULTADOS OPERACIONAIS \u2013 Com mais de 378 mil habitantes, Caruaru, situada no Agreste de Pernambuco, n\u00e3o s\u00f3 se destaca pelo S\u00e3o Jo\u00e3o ou sua conhecida feira. A cidade tamb\u00e9m ganha destaque nos resultados operacionais obtidos pela PRF no Estado.<\/p>\n<p style=\"text-align: justify;\">Somente este ano, a Delegacia PRF em Caruaru foi respons\u00e1vel pela aplica\u00e7\u00e3o de cerca de 9,7 mil testes com o etil\u00f4metro e promo\u00e7\u00e3o de a\u00e7\u00f5es educativas que atingiram mais de 6 mil pessoas. Foi na \u00e1rea de atua\u00e7\u00e3o da DEL02 que mais 420 aux\u00edlios foram prestados a usu\u00e1rios, 26 ve\u00edculos foram recuperados e 85 pessoas foram detidas por diversos crimes. Foto: Divulga\u00e7\u00e3o\/PRF.<\/p>\n<p style=\"text-align: justify;\">\u00a0Siga o Instagram do Blog @blogdoedvaldomagalhaes<\/p>\n<p style=\"text-align: justify;\">Se inscreva no canal do Blog no You Tube<\/p>\n<p style=\"text-align: justify;\">\n","protected":false},"excerpt":{"rendered":"<p>A Pol\u00edcia Rodovi\u00e1ria Federal (PRF) entrega \u00e0 sociedade pernambucana uma nova Delegacia e Unidade Operacional (UOP) na cidade de Caruaru,&hellip;<\/p>\n","protected":false},"author":1,"featured_media":98224,"comment_status":"closed","ping_status":"open","sticky":false,"template":"","format":"standard","meta":{"footnotes":""},"categories":[14120],"tags":[2,19532,3406,27945],"class_list":["post-98223","post","type-post","status-publish","format-standard","has-post-thumbnail","hentry","category-noticias","tag-blog-do-edvaldo-magalhaes","tag-blog-mais-acessado-e-visualizado-de-caruaru-e-regiao","tag-caruaru","tag-prf-vai-inaugurar-nova-delegacia-e-unidade-operacional-em-caruaru"],"_links":{"self":[{"href":"https:\/\/blogdoedvaldomagalhaes.com.br\/index.php\/wp-json\/wp\/v2\/posts\/98223","targetHints":{"allow":["GET"]}}],"collection":[{"href":"https:\/\/blogdoedvaldomagalhaes.com.br\/index.php\/wp-json\/wp\/v2\/posts"}],"about":[{"href":"https:\/\/blogdoedvaldomagalhaes.com.br\/index.php\/wp-json\/wp\/v2\/types\/post"}],"author":[{"embeddable":true,"href":"https:\/\/blogdoedvaldomagalhaes.com.br\/index.php\/wp-json\/wp\/v2\/users\/1"}],"replies":[{"embeddable":true,"href":"https:\/\/blogdoedvaldomagalhaes.com.br\/index.php\/wp-json\/wp\/v2\/comments?post=98223"}],"version-history":[{"count":1,"href":"https:\/\/blogdoedvaldomagalhaes.com.br\/index.php\/wp-json\/wp\/v2\/posts\/98223\/revisions"}],"predecessor-version":[{"id":98225,"href":"https:\/\/blogdoedvaldomagalhaes.com.br\/index.php\/wp-json\/wp\/v2\/posts\/98223\/revisions\/98225"}],"wp:featuredmedia":[{"embeddable":true,"href":"https:\/\/blogdoedvaldomagalhaes.com.br\/index.php\/wp-json\/wp\/v2\/media\/98224"}],"wp:attachment":[{"href":"https:\/\/blogdoedvaldomagalhaes.com.br\/index.php\/wp-json\/wp\/v2\/media?parent=98223"}],"wp:term":[{"taxonomy":"category","embeddable":true,"href":"https:\/\/blogdoedvaldomagalhaes.com.br\/index.php\/wp-json\/wp\/v2\/categories?post=98223"},{"taxonomy":"post_tag","embeddable":true,"href":"https:\/\/blogdoedvaldomagalhaes.com.br\/index.php\/wp-json\/wp\/v2\/tags?post=98223"}],"curies":[{"name":"wp","href":"https:\/\/api.w.org\/{rel}","templated":true}]}}