{"id":98220,"date":"2023-07-03T12:37:00","date_gmt":"2023-07-03T15:37:00","guid":{"rendered":"https:\/\/blogdoedvaldomagalhaes.com.br\/?p=98220"},"modified":"2023-07-03T12:37:01","modified_gmt":"2023-07-03T15:37:01","slug":"mppe-e-tce-promovem-workshop-de-formacao-para-fortalecer-o-controle-social-na-politica-de-educacao","status":"publish","type":"post","link":"https:\/\/blogdoedvaldomagalhaes.com.br\/index.php\/2023\/07\/03\/mppe-e-tce-promovem-workshop-de-formacao-para-fortalecer-o-controle-social-na-politica-de-educacao\/","title":{"rendered":"MPPE e TCE promovem Workshop de forma\u00e7\u00e3o para fortalecer o controle social na pol\u00edtica de educa\u00e7\u00e3o"},"content":{"rendered":"<p style=\"text-align: justify;\"><span style=\"font-size: revert; color: initial;\">Caruaru sediar\u00e1 nesta ter\u00e7a-feira (4) o primeiro de uma s\u00e9rie de workshops que t\u00eam como objetivo fortalecer o controle social na pol\u00edtica de educa\u00e7\u00e3o em Pernambuco, permitindo uma atua\u00e7\u00e3o mais efetiva dos conselhos municipais de educa\u00e7\u00e3o, ao conhecer sobre or\u00e7amento p\u00fablico e ver em pr\u00e1tica as ferramentas dispon\u00edveis no portal do Tome Contas do Tribunal de Contas de Pernambuco (TCE-PE).<\/span><\/p>\n<p style=\"text-align: justify;\">Os workshops ser\u00e3o realizados em diferentes locais, abrangendo diversas regi\u00f5es de Pernambuco, entre os meses de julho e novembro. A primeira edi\u00e7\u00e3o ocorrer\u00e1 no dia 4 de julho, no audit\u00f3rio Uninassau, localizado na BR 104, no quil\u00f4metro 68, n\u00famero 1215 &#8211; Agamenon Magalh\u00e3es, em Caruaru, \u00e0s 13h. O workshop busca fornecer ferramentas, informa\u00e7\u00f5es e condi\u00e7\u00f5es para o acompanhamento dos servi\u00e7os, gastos e investimentos na pol\u00edtica de educa\u00e7\u00e3o. Com isso, pretende-se promover a melhoria da qualidade do ensino e aprendizagem na rede p\u00fablica.<\/p>\n<p style=\"text-align: justify;\">Est\u00e3o sendo oferecidas vagas para conselheiros municipais de educa\u00e7\u00e3o, gestores municipais e integrantes do MPPE, que podem se inscrever pelo link: https:\/\/doity.com.br\/workshop-controle-social-e-orcamento-na-pratica.<\/p>\n<p style=\"text-align: justify;\">A iniciativa \u00e9 uma realiza\u00e7\u00e3o do Centro de Apoio Operacional de Defesa da Educa\u00e7\u00e3o (CAO Educa\u00e7\u00e3o) em parceria com a Escola Superior (ESMP) do Minist\u00e9rio P\u00fablico de Pernambuco (MPPE) e a Coordena\u00e7\u00e3o do Programa TCEndo Cidadania, da Escola de Contas do TCE-PE.<\/p>\n<p style=\"text-align: justify;\">Confira as datas dos workshops:<\/p>\n<p>04\/07\/2023 &#8211; CARUARU (inscri\u00e7\u00f5es esgotadas) &#8211; Workshop GRE Agreste Centro Norte \u2013 Audit\u00f3rio UNINASSAU Caruaru. Endere\u00e7o: BR 104, KM 68, n 1215 &#8211; Agamenon Magalh\u00e3es, Caruaru<br \/>\n18\/07\/2023 &#8211; SALGUEIRO (inscri\u00e7\u00f5es abrem dia 5\/7) &#8211; Workshop GRE Sert\u00e3o Central \u2013 Audit\u00f3rio da Ger\u00eancia Regional de Educa\u00e7\u00e3o do Sert\u00e3o Central. Endere\u00e7o: Rua Lourival Sampaio, 365, Salgueiro<br \/>\n01\/08\/2023 &#8211; AFOGADOS DA INGAZEIRA (aguardar abertura das inscri\u00e7\u00f5es) &#8211; Workshop GRE Sert\u00e3o do Subm\u00e9dio do S\u00e3o Francisco e Sert\u00e3o do Alto Paje\u00fa Autarquia Educacional de Afogados da Ingazeira e Faculdade do Sert\u00e3o do Alto do Paje\u00fa. Endere\u00e7o: Rua Osvaldo Gouveia, s\/n, Afogados da Ingazeira<br \/>\n15\/08\/2023 &#8211; SURUBIM (aguardar abertura das inscri\u00e7\u00f5es) &#8211; Workshop GRE Vale Capibaribe \u2013 Inspetoria TCE Surubim. Endere\u00e7o: R. Ant\u00f4nio Medeiros Sobrinho &#8211; Cabaceira, Surubim<br \/>\n12\/09\/2023 &#8211; ARARIPINA (aguardar abertura das inscri\u00e7\u00f5es) &#8211; Workshop GRE Sert\u00e3o do Araripe \u2013 Autarquia Municipal \u2013 AEDA \u2013 Araripina. Endere\u00e7o: Av. Ant\u00f4nio de Herm\u00f3genes, 80 &#8211; Araripina<br \/>\n13\/09\/2023 &#8211; PETROLINA (aguardar abertura das inscri\u00e7\u00f5es) &#8211; Workshop GRE Sert\u00e3o M\u00e9dio S\u00e3o Francisco \u2013 FACAPE \u2013 Campus Universit\u00e1rio s\/n &#8211; Cidade Universit\u00e1ria, Petrolina<br \/>\n17\/10\/2023 &#8211; GARANHUNS (aguardar abertura das inscri\u00e7\u00f5es) &#8211; Workshop GRE Agreste Meridional \u2013 Audit\u00f3rio da Ger\u00eancia Regional de Educa\u00e7\u00e3o do Agreste Meridional. Endere\u00e7o: Pra\u00e7a Tavares Corr\u00eaa, 52, Heli\u00f3polis, Garanhuns<br \/>\n31\/10\/2023 &#8211; PALMARES (aguardar abertura das inscri\u00e7\u00f5es) &#8211; Workshop GRE Mata Sul \u2013 Centro Municipal de Forma\u00e7\u00e3o. Endere\u00e7o: Rua Jos\u00e9 Rudval de Arag\u00e3o, 26622, Centro, Palmares<br \/>\n21\/11\/2023 &#8211; ARCOVERDE (aguardar abertura das inscri\u00e7\u00f5es) &#8211; Workshop GRE Sert\u00e3o Moxot\u00f3 Ipanema \u2013 Arcoverde.<\/p>\n<p>Se inscreva no canal do Blog no You Tube<\/p>\n<p style=\"text-align: justify;\">Siga o Instagram do Blog @blogdoedvaldomagalhaes<\/p>\n","protected":false},"excerpt":{"rendered":"<p>Caruaru sediar\u00e1 nesta ter\u00e7a-feira (4) o primeiro de uma s\u00e9rie de workshops que t\u00eam como objetivo fortalecer o controle social&hellip;<\/p>\n","protected":false},"author":1,"featured_media":98221,"comment_status":"closed","ping_status":"open","sticky":false,"template":"","format":"standard","meta":{"footnotes":""},"categories":[14120],"tags":[2,19532,3406,27944],"class_list":["post-98220","post","type-post","status-publish","format-standard","has-post-thumbnail","hentry","category-noticias","tag-blog-do-edvaldo-magalhaes","tag-blog-mais-acessado-e-visualizado-de-caruaru-e-regiao","tag-caruaru","tag-mppe-e-tce-promovem-workshop-de-formacao-para-fortalecer-o-controle-social-na-politica-de-educacao"],"_links":{"self":[{"href":"https:\/\/blogdoedvaldomagalhaes.com.br\/index.php\/wp-json\/wp\/v2\/posts\/98220","targetHints":{"allow":["GET"]}}],"collection":[{"href":"https:\/\/blogdoedvaldomagalhaes.com.br\/index.php\/wp-json\/wp\/v2\/posts"}],"about":[{"href":"https:\/\/blogdoedvaldomagalhaes.com.br\/index.php\/wp-json\/wp\/v2\/types\/post"}],"author":[{"embeddable":true,"href":"https:\/\/blogdoedvaldomagalhaes.com.br\/index.php\/wp-json\/wp\/v2\/users\/1"}],"replies":[{"embeddable":true,"href":"https:\/\/blogdoedvaldomagalhaes.com.br\/index.php\/wp-json\/wp\/v2\/comments?post=98220"}],"version-history":[{"count":1,"href":"https:\/\/blogdoedvaldomagalhaes.com.br\/index.php\/wp-json\/wp\/v2\/posts\/98220\/revisions"}],"predecessor-version":[{"id":98222,"href":"https:\/\/blogdoedvaldomagalhaes.com.br\/index.php\/wp-json\/wp\/v2\/posts\/98220\/revisions\/98222"}],"wp:featuredmedia":[{"embeddable":true,"href":"https:\/\/blogdoedvaldomagalhaes.com.br\/index.php\/wp-json\/wp\/v2\/media\/98221"}],"wp:attachment":[{"href":"https:\/\/blogdoedvaldomagalhaes.com.br\/index.php\/wp-json\/wp\/v2\/media?parent=98220"}],"wp:term":[{"taxonomy":"category","embeddable":true,"href":"https:\/\/blogdoedvaldomagalhaes.com.br\/index.php\/wp-json\/wp\/v2\/categories?post=98220"},{"taxonomy":"post_tag","embeddable":true,"href":"https:\/\/blogdoedvaldomagalhaes.com.br\/index.php\/wp-json\/wp\/v2\/tags?post=98220"}],"curies":[{"name":"wp","href":"https:\/\/api.w.org\/{rel}","templated":true}]}}