{"id":98217,"date":"2023-07-03T10:07:32","date_gmt":"2023-07-03T13:07:32","guid":{"rendered":"https:\/\/blogdoedvaldomagalhaes.com.br\/?p=98217"},"modified":"2023-07-03T10:07:34","modified_gmt":"2023-07-03T13:07:34","slug":"sindloja-realiza-pesquisa-inedita-sobre-o-impacto-economico-do-sao-joao-no-comercio-de-caruaru","status":"publish","type":"post","link":"https:\/\/blogdoedvaldomagalhaes.com.br\/index.php\/2023\/07\/03\/sindloja-realiza-pesquisa-inedita-sobre-o-impacto-economico-do-sao-joao-no-comercio-de-caruaru\/","title":{"rendered":"Sindloja realiza pesquisa in\u00e9dita sobre o impacto econ\u00f4mico do S\u00e3o Jo\u00e3o no com\u00e9rcio de Caruaru"},"content":{"rendered":"<p style=\"text-align: justify;\"><span style=\"color: initial; font-size: revert;\">O Sindicato dos Lojistas do Com\u00e9rcio de Caruaru (Sindloja) realiza nesta ter\u00e7a-feira (4) o lan\u00e7amento da pesquisa in\u00e9dita sobre o impacto econ\u00f4mico do S\u00e3o Jo\u00e3o no com\u00e9rcio caruaruense. O evento ser\u00e1 por meio de coletiva de imprensa marcada para 9h30, no audit\u00f3rio do sindicato, e com a presen\u00e7a de autoridades locais ligadas ao com\u00e9rcio e ao S\u00e3o Joao de Caruaru e do economista Jhonattan Washington, coordenador do Setor de Pesquisas da PH Neves e respons\u00e1vel por pesquisas e boletins econ\u00f4micos do N\u00facleo Gestor da Cadeia T\u00eaxtil e de Confec\u00e7\u00f5es em Pernambuco (NTCPE).<\/span><\/p>\n<p style=\"text-align: justify;\">O levantamento foi feito entre os dias 17 e 20 de junho pela PH Neves Consultoria, contratada pelo Sindloja. A pesquisa est\u00e1 dividida em dois grupos, sendo eles os consumidores (popula\u00e7\u00e3o local e turistas) e os comerciantes (especialmente os lojistas), trazendo, desta forma, as expectativas econ\u00f4micas comerciais e as prefer\u00eancias dos consumidores.<\/p>\n<p style=\"text-align: justify;\">Dados como prefer\u00eancias de compras, movimenta\u00e7\u00e3o financeira, principais formas de pagamento e at\u00e9 mesmo de onde s\u00e3o os turistas que visitam a cidade est\u00e3o na pesquisa. A sondagem de opini\u00e3o tamb\u00e9m traz informa\u00e7\u00f5es sobre contrata\u00e7\u00e3o tempor\u00e1ria, abertura do com\u00e9rcio em feriados e o aumento das vendas em rela\u00e7\u00e3o ao ano passado. Foto: Vladimir Barreto.<\/p>\n<p style=\"text-align: justify;\">Se inscreva no canal do Blog @blogdoedvaldomagalhaes<\/p>\n<p style=\"text-align: justify;\">Siga o Instagram do Blog @blogdoedvaldomagalhaes<\/p>\n","protected":false},"excerpt":{"rendered":"<p>O Sindicato dos Lojistas do Com\u00e9rcio de Caruaru (Sindloja) realiza nesta ter\u00e7a-feira (4) o lan\u00e7amento da pesquisa in\u00e9dita sobre o&hellip;<\/p>\n","protected":false},"author":1,"featured_media":98218,"comment_status":"closed","ping_status":"open","sticky":false,"template":"","format":"standard","meta":{"footnotes":""},"categories":[14120],"tags":[2,19532,3406,27943],"class_list":["post-98217","post","type-post","status-publish","format-standard","has-post-thumbnail","hentry","category-noticias","tag-blog-do-edvaldo-magalhaes","tag-blog-mais-acessado-e-visualizado-de-caruaru-e-regiao","tag-caruaru","tag-sindloja-realiza-pesquisa-inedita-sobre-o-impacto-economico-do-sao-joao-no-comercio-de-caruaru"],"_links":{"self":[{"href":"https:\/\/blogdoedvaldomagalhaes.com.br\/index.php\/wp-json\/wp\/v2\/posts\/98217","targetHints":{"allow":["GET"]}}],"collection":[{"href":"https:\/\/blogdoedvaldomagalhaes.com.br\/index.php\/wp-json\/wp\/v2\/posts"}],"about":[{"href":"https:\/\/blogdoedvaldomagalhaes.com.br\/index.php\/wp-json\/wp\/v2\/types\/post"}],"author":[{"embeddable":true,"href":"https:\/\/blogdoedvaldomagalhaes.com.br\/index.php\/wp-json\/wp\/v2\/users\/1"}],"replies":[{"embeddable":true,"href":"https:\/\/blogdoedvaldomagalhaes.com.br\/index.php\/wp-json\/wp\/v2\/comments?post=98217"}],"version-history":[{"count":1,"href":"https:\/\/blogdoedvaldomagalhaes.com.br\/index.php\/wp-json\/wp\/v2\/posts\/98217\/revisions"}],"predecessor-version":[{"id":98219,"href":"https:\/\/blogdoedvaldomagalhaes.com.br\/index.php\/wp-json\/wp\/v2\/posts\/98217\/revisions\/98219"}],"wp:featuredmedia":[{"embeddable":true,"href":"https:\/\/blogdoedvaldomagalhaes.com.br\/index.php\/wp-json\/wp\/v2\/media\/98218"}],"wp:attachment":[{"href":"https:\/\/blogdoedvaldomagalhaes.com.br\/index.php\/wp-json\/wp\/v2\/media?parent=98217"}],"wp:term":[{"taxonomy":"category","embeddable":true,"href":"https:\/\/blogdoedvaldomagalhaes.com.br\/index.php\/wp-json\/wp\/v2\/categories?post=98217"},{"taxonomy":"post_tag","embeddable":true,"href":"https:\/\/blogdoedvaldomagalhaes.com.br\/index.php\/wp-json\/wp\/v2\/tags?post=98217"}],"curies":[{"name":"wp","href":"https:\/\/api.w.org\/{rel}","templated":true}]}}