{"id":98210,"date":"2023-07-03T09:34:57","date_gmt":"2023-07-03T12:34:57","guid":{"rendered":"https:\/\/blogdoedvaldomagalhaes.com.br\/?p=98210"},"modified":"2023-07-03T09:34:58","modified_gmt":"2023-07-03T12:34:58","slug":"pm-recupera-motocicletae-captura-dois-suspeitos","status":"publish","type":"post","link":"https:\/\/blogdoedvaldomagalhaes.com.br\/index.php\/2023\/07\/03\/pm-recupera-motocicletae-captura-dois-suspeitos\/","title":{"rendered":"PM recupera motocicleta<br>e captura dois suspeitos"},"content":{"rendered":"<p style=\"text-align: justify;\"><span style=\"color: initial; font-size: revert;\">Policiais militares da CIPMoto recuperaram uma motocicleta roubada e prenderam dois homens apontados como respons\u00e1veis pelo crime. A equipe realizava rondas, na noite de domingo (02\/07), quando foi acionada por um popular, informando que seu ve\u00edculo havia sido tomado de assalto na Avenida Liberdade, em Jardim S\u00e3o Paulo.<\/span><\/p>\n<p style=\"text-align: justify;\">De imediato, foi dado in\u00edcio a buscas e a moto foi avistada na Avenida Jos\u00e9 Rufino, no bairro do Barro. Os envolvidos n\u00e3o obedeceram a ordem de parada, dando in\u00edcio a um acompanhamento, que terminou na Rua Pery, quando o piloto perdeu o controle e caiu.<\/p>\n<p style=\"text-align: justify;\">Durante a abordagem, um fac\u00e3o foi encontrado com um dos suspeitos, depois reconhecido pela v\u00edtima como a arma utilizada no roubo da moto. O outro envolvido estava com um celular com restri\u00e7\u00e3o de roubo. Depois de receberem atendimento m\u00e9dico na UPA dos Torr\u00f5es, a dupla foi apresentada na Central de Plant\u00f5es da Capital, para ado\u00e7\u00e3o das medidas cab\u00edveis. Foto: Divulga\u00e7\u00e3o\/PMPE<\/p>\n<p style=\"text-align: justify;\">Se inscreva no canal do Blog no You Tube<\/p>\n<p style=\"text-align: justify;\">Siga o Instagram do Blog @blogdoedvaldomagalhaes<\/p>\n","protected":false},"excerpt":{"rendered":"<p>Policiais militares da CIPMoto recuperaram uma motocicleta roubada e prenderam dois homens apontados como respons\u00e1veis pelo crime. A equipe realizava&hellip;<\/p>\n","protected":false},"author":1,"featured_media":98211,"comment_status":"closed","ping_status":"open","sticky":false,"template":"","format":"standard","meta":{"footnotes":""},"categories":[14121],"tags":[2,19532,3406,27941],"class_list":["post-98210","post","type-post","status-publish","format-standard","has-post-thumbnail","hentry","category-policial","tag-blog-do-edvaldo-magalhaes","tag-blog-mais-acessado-e-visualizado-de-caruaru-e-regiao","tag-caruaru","tag-pm-recupera-motocicleta-e-captura-dois-suspeitos"],"_links":{"self":[{"href":"https:\/\/blogdoedvaldomagalhaes.com.br\/index.php\/wp-json\/wp\/v2\/posts\/98210","targetHints":{"allow":["GET"]}}],"collection":[{"href":"https:\/\/blogdoedvaldomagalhaes.com.br\/index.php\/wp-json\/wp\/v2\/posts"}],"about":[{"href":"https:\/\/blogdoedvaldomagalhaes.com.br\/index.php\/wp-json\/wp\/v2\/types\/post"}],"author":[{"embeddable":true,"href":"https:\/\/blogdoedvaldomagalhaes.com.br\/index.php\/wp-json\/wp\/v2\/users\/1"}],"replies":[{"embeddable":true,"href":"https:\/\/blogdoedvaldomagalhaes.com.br\/index.php\/wp-json\/wp\/v2\/comments?post=98210"}],"version-history":[{"count":1,"href":"https:\/\/blogdoedvaldomagalhaes.com.br\/index.php\/wp-json\/wp\/v2\/posts\/98210\/revisions"}],"predecessor-version":[{"id":98212,"href":"https:\/\/blogdoedvaldomagalhaes.com.br\/index.php\/wp-json\/wp\/v2\/posts\/98210\/revisions\/98212"}],"wp:featuredmedia":[{"embeddable":true,"href":"https:\/\/blogdoedvaldomagalhaes.com.br\/index.php\/wp-json\/wp\/v2\/media\/98211"}],"wp:attachment":[{"href":"https:\/\/blogdoedvaldomagalhaes.com.br\/index.php\/wp-json\/wp\/v2\/media?parent=98210"}],"wp:term":[{"taxonomy":"category","embeddable":true,"href":"https:\/\/blogdoedvaldomagalhaes.com.br\/index.php\/wp-json\/wp\/v2\/categories?post=98210"},{"taxonomy":"post_tag","embeddable":true,"href":"https:\/\/blogdoedvaldomagalhaes.com.br\/index.php\/wp-json\/wp\/v2\/tags?post=98210"}],"curies":[{"name":"wp","href":"https:\/\/api.w.org\/{rel}","templated":true}]}}