{"id":98205,"date":"2023-07-03T09:16:49","date_gmt":"2023-07-03T12:16:49","guid":{"rendered":"https:\/\/blogdoedvaldomagalhaes.com.br\/?p=98205"},"modified":"2023-07-03T09:59:32","modified_gmt":"2023-07-03T12:59:32","slug":"espetaculo-a-bruxinha-que-era-boa-se-apresenta-em-caruaru","status":"publish","type":"post","link":"https:\/\/blogdoedvaldomagalhaes.com.br\/index.php\/2023\/07\/03\/espetaculo-a-bruxinha-que-era-boa-se-apresenta-em-caruaru\/","title":{"rendered":"Espet\u00e1culo \u201cA Bruxinha que era boa\u201d se apresenta em Caruaru"},"content":{"rendered":"<p style=\"text-align: justify;\"><span style=\"font-size: revert;\">A Cia de Projetos C\u00eanicos de Santa Cruz do Capibaribe traz aos palcos Caruaruenses nos pr\u00f3ximos dias 08 e 09 de julho, o espet\u00e1culo infantil \u201cA Bruxinha que era boa\u201d, de Maria Clara Machado, em uma remontagem celebrativa, com encena\u00e7\u00e3o e dire\u00e7\u00e3o art\u00edstica de M\u00e1rcio Maracaj\u00e1. O espet\u00e1culo conta a hist\u00f3ria de \u00c2ngela, uma bruxinha que enfrenta o desafio de ser muito diferente das outras bruxas que frequentam a Escola de Maldades da Floresta, ao fim as bruxinhas ser\u00e3o avaliadas e uma delas ganhar\u00e1 o t\u00edtulo de pior bruxinha de todas, como pr\u00eamio receber\u00e1 a t\u00e3o sonhada vassoura a jato. Durante o desenrolar da hist\u00f3ria, Pedrinho, um jovem lenhador conhece \u00c2ngela e os dois constroem uma linda amizade. A mensagem da pe\u00e7a deixa claro que n\u00e3o se pode julgar uma pessoa pela apar\u00eancia, na hist\u00f3ria Pedrinho v\u00ea o interior de \u00c2ngela e descobre que a bruxinha \u00e0 sua frente n\u00e3o \u00e9 nada malvada. Em cena atrizes da primeira vers\u00e3o do espet\u00e1culo que foi montada em Santa Cruz do Capibaribe, em 2001 que se unem com jovens atores para contar essa hist\u00f3ria mais uma vez. O espet\u00e1culo tem em seus cen\u00e1rios, figurinos e adere\u00e7os res\u00edduos da produ\u00e7\u00e3o de moda da cidade, fazendo o p\u00fablico refletir sobre os impactos ambientais e seus descartes.<\/span><\/p>\n<p style=\"text-align: justify;\">\u201cA bruxinha que era boa\u201d acontece nos pr\u00f3ximos dias 08 e 09 de julho, s\u00e1bado e domingo, \u00e0s 16 horas, no teatro Rui Limeira Rosal \u2013 no Sesc de Caruaru. Ingressos antecipados ao valor de 30 reais podem ser adquiridos atrav\u00e9s do sympla, no endere\u00e7o: www.sympla.com.br\/a-bruxinha-que-era-boa-caruaru__2044281. Na bilheteria do teatro, crian\u00e7as pagam 30 reais e adultos 40 reais, lembrando que meia entrada s\u00f3 ser\u00e3o vendidas na bilheteria ao valor de 20 reais para estudantes, idosos e professores mediante comprova\u00e7\u00e3o.<\/p>\n<p>&nbsp;Siga o Instagram do Blog @blogdoedvaldomagalhaes<\/p>\n<p>Se inscreva no canal do Blog no You Tube<\/p>\n\n\n<figure class=\"wp-block-image size-large\"><img loading=\"lazy\" decoding=\"async\" width=\"682\" height=\"1024\" src=\"https:\/\/blogdoedvaldomagalhaes.com.br\/wp-content\/uploads\/2023\/07\/8F1B8C45-EF59-499C-A360-1BC0F1C14276-682x1024.jpeg\" alt=\"\" class=\"wp-image-98208\" srcset=\"https:\/\/blogdoedvaldomagalhaes.com.br\/wp-content\/uploads\/2023\/07\/8F1B8C45-EF59-499C-A360-1BC0F1C14276-682x1024.jpeg 682w, https:\/\/blogdoedvaldomagalhaes.com.br\/wp-content\/uploads\/2023\/07\/8F1B8C45-EF59-499C-A360-1BC0F1C14276-200x300.jpeg 200w, https:\/\/blogdoedvaldomagalhaes.com.br\/wp-content\/uploads\/2023\/07\/8F1B8C45-EF59-499C-A360-1BC0F1C14276-768x1153.jpeg 768w, https:\/\/blogdoedvaldomagalhaes.com.br\/wp-content\/uploads\/2023\/07\/8F1B8C45-EF59-499C-A360-1BC0F1C14276-1023x1536.jpeg 1023w, https:\/\/blogdoedvaldomagalhaes.com.br\/wp-content\/uploads\/2023\/07\/8F1B8C45-EF59-499C-A360-1BC0F1C14276.jpeg 1066w\" sizes=\"auto, (max-width: 682px) 100vw, 682px\" \/><figcaption class=\"wp-element-caption\">Fotos: Gustavo Levine<\/figcaption><\/figure>\n","protected":false},"excerpt":{"rendered":"<p>A Cia de Projetos C\u00eanicos de Santa Cruz do Capibaribe traz aos palcos Caruaruenses nos pr\u00f3ximos dias 08 e 09&hellip;<\/p>\n","protected":false},"author":1,"featured_media":98206,"comment_status":"closed","ping_status":"open","sticky":false,"template":"","format":"standard","meta":{"footnotes":""},"categories":[14120],"tags":[2,19532,3406,27940],"class_list":["post-98205","post","type-post","status-publish","format-standard","has-post-thumbnail","hentry","category-noticias","tag-blog-do-edvaldo-magalhaes","tag-blog-mais-acessado-e-visualizado-de-caruaru-e-regiao","tag-caruaru","tag-espetaculo-a-bruxinha-que-era-boa-se-apresenta-em-caruaru"],"_links":{"self":[{"href":"https:\/\/blogdoedvaldomagalhaes.com.br\/index.php\/wp-json\/wp\/v2\/posts\/98205","targetHints":{"allow":["GET"]}}],"collection":[{"href":"https:\/\/blogdoedvaldomagalhaes.com.br\/index.php\/wp-json\/wp\/v2\/posts"}],"about":[{"href":"https:\/\/blogdoedvaldomagalhaes.com.br\/index.php\/wp-json\/wp\/v2\/types\/post"}],"author":[{"embeddable":true,"href":"https:\/\/blogdoedvaldomagalhaes.com.br\/index.php\/wp-json\/wp\/v2\/users\/1"}],"replies":[{"embeddable":true,"href":"https:\/\/blogdoedvaldomagalhaes.com.br\/index.php\/wp-json\/wp\/v2\/comments?post=98205"}],"version-history":[{"count":3,"href":"https:\/\/blogdoedvaldomagalhaes.com.br\/index.php\/wp-json\/wp\/v2\/posts\/98205\/revisions"}],"predecessor-version":[{"id":98216,"href":"https:\/\/blogdoedvaldomagalhaes.com.br\/index.php\/wp-json\/wp\/v2\/posts\/98205\/revisions\/98216"}],"wp:featuredmedia":[{"embeddable":true,"href":"https:\/\/blogdoedvaldomagalhaes.com.br\/index.php\/wp-json\/wp\/v2\/media\/98206"}],"wp:attachment":[{"href":"https:\/\/blogdoedvaldomagalhaes.com.br\/index.php\/wp-json\/wp\/v2\/media?parent=98205"}],"wp:term":[{"taxonomy":"category","embeddable":true,"href":"https:\/\/blogdoedvaldomagalhaes.com.br\/index.php\/wp-json\/wp\/v2\/categories?post=98205"},{"taxonomy":"post_tag","embeddable":true,"href":"https:\/\/blogdoedvaldomagalhaes.com.br\/index.php\/wp-json\/wp\/v2\/tags?post=98205"}],"curies":[{"name":"wp","href":"https:\/\/api.w.org\/{rel}","templated":true}]}}