{"id":98202,"date":"2023-07-03T08:40:47","date_gmt":"2023-07-03T11:40:47","guid":{"rendered":"https:\/\/blogdoedvaldomagalhaes.com.br\/?p=98202"},"modified":"2023-07-03T08:40:47","modified_gmt":"2023-07-03T11:40:47","slug":"copa-caruaru-tem-inicio-nesta-segunda-feira-03","status":"publish","type":"post","link":"https:\/\/blogdoedvaldomagalhaes.com.br\/index.php\/2023\/07\/03\/copa-caruaru-tem-inicio-nesta-segunda-feira-03\/","title":{"rendered":"Copa Caruaru tem in\u00edcio nesta segunda-feira (03)"},"content":{"rendered":"<p style=\"text-align: justify;\"><span style=\"color: initial; font-size: revert;\">A Secretaria de Educa\u00e7\u00e3o e Esportes (Seduc) e a Ger\u00eancia de Esportes, inicia, nesta segunda-feira (03), mais uma edi\u00e7\u00e3o da Copa Caruaru. A competi\u00e7\u00e3o ir\u00e1 reunir atletas amadores de quatro modalidades esportivas: futsal, handebol, basquetebol e voleibol.<\/span><\/p>\n<p style=\"text-align: justify;\">A Copa Caruaru 2023 tem como objetivo movimentar o esporte de lazer, buscando integra\u00e7\u00e3o e intera\u00e7\u00e3o entre os times amadores da nossa cidade. As competi\u00e7\u00f5es v\u00e3o at\u00e9 o dia 31 de julho nas escolas municipais Altair Porto e Irm\u00e3 Ceciliana Gross.<\/p>\n<p style=\"text-align: justify;\">Confira as tabelas em anexo.<\/p>\n<p style=\"text-align: justify;\">Se inscreva no canal do Blog no You Tube<\/p>\n<p style=\"text-align: justify;\">Siga o Instagram do Blog @blogdoedvaldomagalhaes<\/p>\n","protected":false},"excerpt":{"rendered":"<p>A Secretaria de Educa\u00e7\u00e3o e Esportes (Seduc) e a Ger\u00eancia de Esportes, inicia, nesta segunda-feira (03), mais uma edi\u00e7\u00e3o da&hellip;<\/p>\n","protected":false},"author":1,"featured_media":98203,"comment_status":"closed","ping_status":"open","sticky":false,"template":"","format":"standard","meta":{"footnotes":""},"categories":[14120],"tags":[2,19532,3406,27939],"class_list":["post-98202","post","type-post","status-publish","format-standard","has-post-thumbnail","hentry","category-noticias","tag-blog-do-edvaldo-magalhaes","tag-blog-mais-acessado-e-visualizado-de-caruaru-e-regiao","tag-caruaru","tag-copa-caruaru-tem-inicio-nesta-segunda-feira-03"],"_links":{"self":[{"href":"https:\/\/blogdoedvaldomagalhaes.com.br\/index.php\/wp-json\/wp\/v2\/posts\/98202","targetHints":{"allow":["GET"]}}],"collection":[{"href":"https:\/\/blogdoedvaldomagalhaes.com.br\/index.php\/wp-json\/wp\/v2\/posts"}],"about":[{"href":"https:\/\/blogdoedvaldomagalhaes.com.br\/index.php\/wp-json\/wp\/v2\/types\/post"}],"author":[{"embeddable":true,"href":"https:\/\/blogdoedvaldomagalhaes.com.br\/index.php\/wp-json\/wp\/v2\/users\/1"}],"replies":[{"embeddable":true,"href":"https:\/\/blogdoedvaldomagalhaes.com.br\/index.php\/wp-json\/wp\/v2\/comments?post=98202"}],"version-history":[{"count":1,"href":"https:\/\/blogdoedvaldomagalhaes.com.br\/index.php\/wp-json\/wp\/v2\/posts\/98202\/revisions"}],"predecessor-version":[{"id":98204,"href":"https:\/\/blogdoedvaldomagalhaes.com.br\/index.php\/wp-json\/wp\/v2\/posts\/98202\/revisions\/98204"}],"wp:featuredmedia":[{"embeddable":true,"href":"https:\/\/blogdoedvaldomagalhaes.com.br\/index.php\/wp-json\/wp\/v2\/media\/98203"}],"wp:attachment":[{"href":"https:\/\/blogdoedvaldomagalhaes.com.br\/index.php\/wp-json\/wp\/v2\/media?parent=98202"}],"wp:term":[{"taxonomy":"category","embeddable":true,"href":"https:\/\/blogdoedvaldomagalhaes.com.br\/index.php\/wp-json\/wp\/v2\/categories?post=98202"},{"taxonomy":"post_tag","embeddable":true,"href":"https:\/\/blogdoedvaldomagalhaes.com.br\/index.php\/wp-json\/wp\/v2\/tags?post=98202"}],"curies":[{"name":"wp","href":"https:\/\/api.w.org\/{rel}","templated":true}]}}