{"id":982,"date":"2018-10-17T13:49:00","date_gmt":"2018-10-17T16:49:00","guid":{"rendered":"http:\/\/blogdoedvaldomagalhaes.com.br\/index.php\/2018\/10\/17\/reuniao-define-feira-da-sulanca-de\/"},"modified":"2019-02-09T02:35:20","modified_gmt":"2019-02-09T04:35:20","slug":"reuniao-define-feira-da-sulanca-de","status":"publish","type":"post","link":"https:\/\/blogdoedvaldomagalhaes.com.br\/index.php\/2018\/10\/17\/reuniao-define-feira-da-sulanca-de\/","title":{"rendered":"Reuni\u00e3o define Feira da Sulanca de Caruaru aos domingos e segundas no fim do ano"},"content":{"rendered":"<div class=\"separator\" style=\"clear: both; text-align: center;\">\n<a href=\"https:\/\/1.bp.blogspot.com\/-5Ajkth4WxJo\/W8c2WT6hhYI\/AAAAAAAA70s\/sjI6pMtC77cODrwmq6sc8KCpCQLLjf6sACLcBGAs\/s1600\/IMG-20181017-WA0021.jpg\" imageanchor=\"1\" style=\"margin-left: 1em; margin-right: 1em;\"><img loading=\"lazy\" decoding=\"async\" border=\"0\" data-original-height=\"720\" data-original-width=\"1280\" height=\"360\" src=\"http:\/\/blogdoedvaldomagalhaes.com.br\/wp-content\/uploads\/2018\/10\/IMG-20181017-WA0021.jpg\" width=\"640\" \/><\/a><\/div>\n<p><\/p>\n<div style=\"text-align: justify;\">\nUma reuni\u00e3o foi realizada na tarde dessa ter\u00e7a-feira (16), no Bloco A da Prefeitura de Caruaru, onde ficou definido que a Feira da Sulanca ser\u00e1 realizada aos domingos e segundas-feiras, nas duas \u00faltimas semanas de novembro e em todo o m\u00eas de dezembro, a partir das 4h da manh\u00e3. O calend\u00e1rio da feira para o ano de 2019 ficou definido, menos durante o m\u00eas de junho, aja vista que, alguns sulanqueiros querem as feiras em dois dias durante o per\u00edodo junino e outros s\u00e3o contra.<\/div>\n<div style=\"text-align: justify;\">\n<\/div>\n<div style=\"text-align: justify;\">\nParticiparam da reuni\u00e3o Jos\u00e9 Pereira (Secret\u00e1rio Municipal de Feiras), F\u00e1tima Amaral (presidente do Comando Presente), Pedro Moura (presidente da Associa\u00e7\u00e3o dos Sulanqueiros), al\u00e9m de representantes da CDL, ACIC, Sindloja e F\u00e1brica da Moda.<\/p>\n<p>Confira dos dias:&nbsp;<\/p>\n<p><b>&nbsp;Novembro<\/b><br \/>\n18 e 19&nbsp;<br \/>\n&nbsp;25 e 26.<\/p>\n<p><b>Dezembro<\/b><br \/>\n2 e 3 &nbsp;<br \/>\n9 e 10&nbsp;<br \/>\n16 e 17<br \/>\n23 e 24&nbsp;<\/p>\n<p>30 e 31<\/p>\n<\/div>\n","protected":false},"excerpt":{"rendered":"<p>Uma reuni\u00e3o foi realizada na tarde dessa ter\u00e7a-feira (16), no Bloco A da Prefeitura de Caruaru, onde ficou definido que&hellip;<\/p>\n","protected":false},"author":1,"featured_media":0,"comment_status":"open","ping_status":"open","sticky":false,"template":"","format":"standard","meta":{"footnotes":""},"categories":[1],"tags":[2,6,928],"class_list":["post-982","post","type-post","status-publish","format-standard","hentry","category-sem-categoria","tag-blog-do-edvaldo-magalhaes","tag-noticias","tag-reuniao-define-feira-da-sulanca-de-caruaru-aos-domingos-e-segundas-no-fim-do-ano"],"_links":{"self":[{"href":"https:\/\/blogdoedvaldomagalhaes.com.br\/index.php\/wp-json\/wp\/v2\/posts\/982","targetHints":{"allow":["GET"]}}],"collection":[{"href":"https:\/\/blogdoedvaldomagalhaes.com.br\/index.php\/wp-json\/wp\/v2\/posts"}],"about":[{"href":"https:\/\/blogdoedvaldomagalhaes.com.br\/index.php\/wp-json\/wp\/v2\/types\/post"}],"author":[{"embeddable":true,"href":"https:\/\/blogdoedvaldomagalhaes.com.br\/index.php\/wp-json\/wp\/v2\/users\/1"}],"replies":[{"embeddable":true,"href":"https:\/\/blogdoedvaldomagalhaes.com.br\/index.php\/wp-json\/wp\/v2\/comments?post=982"}],"version-history":[{"count":1,"href":"https:\/\/blogdoedvaldomagalhaes.com.br\/index.php\/wp-json\/wp\/v2\/posts\/982\/revisions"}],"predecessor-version":[{"id":34969,"href":"https:\/\/blogdoedvaldomagalhaes.com.br\/index.php\/wp-json\/wp\/v2\/posts\/982\/revisions\/34969"}],"wp:attachment":[{"href":"https:\/\/blogdoedvaldomagalhaes.com.br\/index.php\/wp-json\/wp\/v2\/media?parent=982"}],"wp:term":[{"taxonomy":"category","embeddable":true,"href":"https:\/\/blogdoedvaldomagalhaes.com.br\/index.php\/wp-json\/wp\/v2\/categories?post=982"},{"taxonomy":"post_tag","embeddable":true,"href":"https:\/\/blogdoedvaldomagalhaes.com.br\/index.php\/wp-json\/wp\/v2\/tags?post=982"}],"curies":[{"name":"wp","href":"https:\/\/api.w.org\/{rel}","templated":true}]}}