{"id":98186,"date":"2023-07-02T19:33:41","date_gmt":"2023-07-02T22:33:41","guid":{"rendered":"https:\/\/blogdoedvaldomagalhaes.com.br\/?p=98186"},"modified":"2023-07-02T19:33:42","modified_gmt":"2023-07-02T22:33:42","slug":"estudantes-de-caruaru-estao-gravando-filmes-na-zona-rural","status":"publish","type":"post","link":"https:\/\/blogdoedvaldomagalhaes.com.br\/index.php\/2023\/07\/02\/estudantes-de-caruaru-estao-gravando-filmes-na-zona-rural\/","title":{"rendered":"Estudantes de Caruaru est\u00e3o gravando filmes na zona rural"},"content":{"rendered":"<p style=\"text-align: justify;\"><span style=\"font-size: revert; color: initial;\">Estudantes das Escolas Municipais Iva do Carmo e Alfredo Pinto, em Riacho Doce e Vila Ita\u00fana, respectivamente, ambas na zona rural de Caruaru-PE, est\u00e3o gravando filmes que ser\u00e3o distribu\u00eddos para festivais nacionais e internacionais.<\/span><\/p>\n<p style=\"text-align: justify;\">As crian\u00e7as est\u00e3o produzindo o curta-metragem documental intitulado provisoriamente de &#8220;M\u00e3es de Ita\u00fana&#8221; e a fic\u00e7\u00e3o cient\u00edfica\/fantasia &#8220;Como Chegamos Aqui&#8221;. Os filmes abordam quest\u00f5es pertinentes \u00e0 comunidade, como a atua\u00e7\u00e3o das mulheres no fortalecimento da sociedade e as diversas formas de preconceitos contra o que foge ao padr\u00e3o estabelecido.<\/p>\n<p style=\"text-align: justify;\">A produ\u00e7\u00e3o dos filmes faz parte das oficinas de audiovisual ministradas pela realizadora Camila Haydee, por meio da Secretaria de Educa\u00e7\u00e3o de Caruaru, e tem o apoio do FestCine Ita\u00fana por meio do produtor Paulo Concei\u00e7\u00e3o e do roteirista Tulio Beat.<\/p>\n<p style=\"text-align: justify;\">As grava\u00e7\u00f5es acontecem at\u00e9 a primeira semana de julho em Riacho Doce e Ita\u00fana. O resultado final poder\u00e1 ser conferido no 4\u00ba FestCine Ita\u00fana &#8211; que acontecer\u00e1 entre os dias 19 a 23 de julho em Ita\u00fana, Caruaru.<\/p>\n<p style=\"text-align: justify;\">Se inscreva no canal do Blog no You Tube<\/p>\n<p style=\"text-align: justify;\">Siga o Instagram do Blog @blogdoedvaldomagalhaes<\/p>\n\n\n<figure class=\"wp-block-image size-large\"><img loading=\"lazy\" decoding=\"async\" width=\"1024\" height=\"640\" src=\"https:\/\/blogdoedvaldomagalhaes.com.br\/wp-content\/uploads\/2023\/07\/IMG-20230702-WA0110-1024x640.jpg\" alt=\"\" class=\"wp-image-98189\" srcset=\"https:\/\/blogdoedvaldomagalhaes.com.br\/wp-content\/uploads\/2023\/07\/IMG-20230702-WA0110-1024x640.jpg 1024w, https:\/\/blogdoedvaldomagalhaes.com.br\/wp-content\/uploads\/2023\/07\/IMG-20230702-WA0110-300x188.jpg 300w, https:\/\/blogdoedvaldomagalhaes.com.br\/wp-content\/uploads\/2023\/07\/IMG-20230702-WA0110-768x480.jpg 768w, https:\/\/blogdoedvaldomagalhaes.com.br\/wp-content\/uploads\/2023\/07\/IMG-20230702-WA0110-1536x960.jpg 1536w, https:\/\/blogdoedvaldomagalhaes.com.br\/wp-content\/uploads\/2023\/07\/IMG-20230702-WA0110.jpg 1600w\" sizes=\"auto, (max-width: 1024px) 100vw, 1024px\" \/><\/figure>\n\n\n\n<figure class=\"wp-block-image size-large\"><img loading=\"lazy\" decoding=\"async\" width=\"1024\" height=\"640\" src=\"https:\/\/blogdoedvaldomagalhaes.com.br\/wp-content\/uploads\/2023\/07\/IMG-20230702-WA0111-1024x640.jpg\" alt=\"\" class=\"wp-image-98188\" srcset=\"https:\/\/blogdoedvaldomagalhaes.com.br\/wp-content\/uploads\/2023\/07\/IMG-20230702-WA0111-1024x640.jpg 1024w, https:\/\/blogdoedvaldomagalhaes.com.br\/wp-content\/uploads\/2023\/07\/IMG-20230702-WA0111-300x188.jpg 300w, https:\/\/blogdoedvaldomagalhaes.com.br\/wp-content\/uploads\/2023\/07\/IMG-20230702-WA0111-768x480.jpg 768w, https:\/\/blogdoedvaldomagalhaes.com.br\/wp-content\/uploads\/2023\/07\/IMG-20230702-WA0111-1536x960.jpg 1536w, https:\/\/blogdoedvaldomagalhaes.com.br\/wp-content\/uploads\/2023\/07\/IMG-20230702-WA0111.jpg 1600w\" sizes=\"auto, (max-width: 1024px) 100vw, 1024px\" \/><figcaption class=\"wp-element-caption\">Fotos: Divulga\u00e7\u00e3o<\/figcaption><\/figure>\n","protected":false},"excerpt":{"rendered":"<p>Estudantes das Escolas Municipais Iva do Carmo e Alfredo Pinto, em Riacho Doce e Vila Ita\u00fana, respectivamente, ambas na zona&hellip;<\/p>\n","protected":false},"author":1,"featured_media":98187,"comment_status":"closed","ping_status":"open","sticky":false,"template":"","format":"standard","meta":{"footnotes":""},"categories":[14120],"tags":[2,19532,3406,27936],"class_list":["post-98186","post","type-post","status-publish","format-standard","has-post-thumbnail","hentry","category-noticias","tag-blog-do-edvaldo-magalhaes","tag-blog-mais-acessado-e-visualizado-de-caruaru-e-regiao","tag-caruaru","tag-estudantes-de-caruaru-estao-gravando-filmes-na-zona-rural"],"_links":{"self":[{"href":"https:\/\/blogdoedvaldomagalhaes.com.br\/index.php\/wp-json\/wp\/v2\/posts\/98186","targetHints":{"allow":["GET"]}}],"collection":[{"href":"https:\/\/blogdoedvaldomagalhaes.com.br\/index.php\/wp-json\/wp\/v2\/posts"}],"about":[{"href":"https:\/\/blogdoedvaldomagalhaes.com.br\/index.php\/wp-json\/wp\/v2\/types\/post"}],"author":[{"embeddable":true,"href":"https:\/\/blogdoedvaldomagalhaes.com.br\/index.php\/wp-json\/wp\/v2\/users\/1"}],"replies":[{"embeddable":true,"href":"https:\/\/blogdoedvaldomagalhaes.com.br\/index.php\/wp-json\/wp\/v2\/comments?post=98186"}],"version-history":[{"count":1,"href":"https:\/\/blogdoedvaldomagalhaes.com.br\/index.php\/wp-json\/wp\/v2\/posts\/98186\/revisions"}],"predecessor-version":[{"id":98190,"href":"https:\/\/blogdoedvaldomagalhaes.com.br\/index.php\/wp-json\/wp\/v2\/posts\/98186\/revisions\/98190"}],"wp:featuredmedia":[{"embeddable":true,"href":"https:\/\/blogdoedvaldomagalhaes.com.br\/index.php\/wp-json\/wp\/v2\/media\/98187"}],"wp:attachment":[{"href":"https:\/\/blogdoedvaldomagalhaes.com.br\/index.php\/wp-json\/wp\/v2\/media?parent=98186"}],"wp:term":[{"taxonomy":"category","embeddable":true,"href":"https:\/\/blogdoedvaldomagalhaes.com.br\/index.php\/wp-json\/wp\/v2\/categories?post=98186"},{"taxonomy":"post_tag","embeddable":true,"href":"https:\/\/blogdoedvaldomagalhaes.com.br\/index.php\/wp-json\/wp\/v2\/tags?post=98186"}],"curies":[{"name":"wp","href":"https:\/\/api.w.org\/{rel}","templated":true}]}}