{"id":98183,"date":"2023-07-02T18:35:53","date_gmt":"2023-07-02T21:35:53","guid":{"rendered":"https:\/\/blogdoedvaldomagalhaes.com.br\/?p=98183"},"modified":"2023-07-02T18:35:54","modified_gmt":"2023-07-02T21:35:54","slug":"1-homicidio-do-mes-de-julho-em-caruaru-padeiro-e-morto-a-tiros","status":"publish","type":"post","link":"https:\/\/blogdoedvaldomagalhaes.com.br\/index.php\/2023\/07\/02\/1-homicidio-do-mes-de-julho-em-caruaru-padeiro-e-morto-a-tiros\/","title":{"rendered":"1\u00b0 homic\u00eddio do m\u00eas de julho em Caruaru: Padeiro \u00e9 morto a tiros"},"content":{"rendered":"<p style=\"text-align: justify;\">Um homem foi baleado nesse s\u00e1bado (1\u00b0), na Vila Teimosa, no bairro Vassoral, em Caruaru. O padeiro Tiago do Nascimento Lima, 36 anos de idade, foi socorrido pelo Samu para o Hospital Regional do Agreste (HRA), mas n\u00e3o resistiu aos ferimentos. O corpo foi encaminhado para o Instituto de Medicina Legal (IML).<\/p>\n<p style=\"text-align: justify;\">Este foi o 1\u00b0 homic\u00eddio no m\u00eas de julho em Caruaru, no ano de 2023 foram assassinadas 76 pessoas no munic\u00edpio. Foto: Blog do Edvaldo Magalh\u00e3es.<\/p>\n<p style=\"text-align: justify;\">Se inscreva no canal do no You Tube<\/p>\n<p style=\"text-align: justify;\">Siga o Instagram do Blog @blogdoedvaldomagalhaes<\/p>\n","protected":false},"excerpt":{"rendered":"<p>Um homem foi baleado nesse s\u00e1bado (1\u00b0), na Vila Teimosa, no bairro Vassoral, em Caruaru. O padeiro Tiago do Nascimento&hellip;<\/p>\n","protected":false},"author":1,"featured_media":67499,"comment_status":"closed","ping_status":"open","sticky":false,"template":"","format":"standard","meta":{"footnotes":""},"categories":[14121],"tags":[],"class_list":["post-98183","post","type-post","status-publish","format-standard","has-post-thumbnail","hentry","category-policial"],"_links":{"self":[{"href":"https:\/\/blogdoedvaldomagalhaes.com.br\/index.php\/wp-json\/wp\/v2\/posts\/98183","targetHints":{"allow":["GET"]}}],"collection":[{"href":"https:\/\/blogdoedvaldomagalhaes.com.br\/index.php\/wp-json\/wp\/v2\/posts"}],"about":[{"href":"https:\/\/blogdoedvaldomagalhaes.com.br\/index.php\/wp-json\/wp\/v2\/types\/post"}],"author":[{"embeddable":true,"href":"https:\/\/blogdoedvaldomagalhaes.com.br\/index.php\/wp-json\/wp\/v2\/users\/1"}],"replies":[{"embeddable":true,"href":"https:\/\/blogdoedvaldomagalhaes.com.br\/index.php\/wp-json\/wp\/v2\/comments?post=98183"}],"version-history":[{"count":1,"href":"https:\/\/blogdoedvaldomagalhaes.com.br\/index.php\/wp-json\/wp\/v2\/posts\/98183\/revisions"}],"predecessor-version":[{"id":98184,"href":"https:\/\/blogdoedvaldomagalhaes.com.br\/index.php\/wp-json\/wp\/v2\/posts\/98183\/revisions\/98184"}],"wp:featuredmedia":[{"embeddable":true,"href":"https:\/\/blogdoedvaldomagalhaes.com.br\/index.php\/wp-json\/wp\/v2\/media\/67499"}],"wp:attachment":[{"href":"https:\/\/blogdoedvaldomagalhaes.com.br\/index.php\/wp-json\/wp\/v2\/media?parent=98183"}],"wp:term":[{"taxonomy":"category","embeddable":true,"href":"https:\/\/blogdoedvaldomagalhaes.com.br\/index.php\/wp-json\/wp\/v2\/categories?post=98183"},{"taxonomy":"post_tag","embeddable":true,"href":"https:\/\/blogdoedvaldomagalhaes.com.br\/index.php\/wp-json\/wp\/v2\/tags?post=98183"}],"curies":[{"name":"wp","href":"https:\/\/api.w.org\/{rel}","templated":true}]}}