{"id":98175,"date":"2023-07-02T15:50:43","date_gmt":"2023-07-02T18:50:43","guid":{"rendered":"https:\/\/blogdoedvaldomagalhaes.com.br\/?p=98175"},"modified":"2023-07-02T15:50:44","modified_gmt":"2023-07-02T18:50:44","slug":"crianca-com-problema-respiratorio-e-transportada-de-helicoptero","status":"publish","type":"post","link":"https:\/\/blogdoedvaldomagalhaes.com.br\/index.php\/2023\/07\/02\/crianca-com-problema-respiratorio-e-transportada-de-helicoptero\/","title":{"rendered":"Crian\u00e7a com problema respirat\u00f3rio \u00e9 transportada de helic\u00f3ptero"},"content":{"rendered":"<p style=\"text-align: justify;\"><span style=\"color: initial; font-size: revert;\">Uma menina de 3 anos de idade que apresentava problemas respirat\u00f3rios foi transportada de helic\u00f3ptero, no s\u00e1bado (1), entre o distrito de Camela, em Ipojuca, e o munic\u00edpio de Palmares, na Mata Sul de Pernambuco. A crian\u00e7a foi atendida pela equipe m\u00e9dica do SAMU e transportada pelo N\u00facleo de Opera\u00e7\u00f5es A\u00e9reas da PRF.<\/span><\/p>\n<p style=\"text-align: justify;\">Por volta das 13h30, a central de regula\u00e7\u00e3o do SAMU acionou a equipe aerom\u00e9dica, que pousou no munic\u00edpio de Camela para embarcar uma crian\u00e7a com indica\u00e7\u00e3o de internamento em unidade hospitalar. Ap\u00f3s ser avaliada pelos profissionais de sa\u00fade, a menina foi embarcada na aeronave acompanhada pela m\u00e3e e transportada em 15 minutos at\u00e9 o Hospital Regional de Palmares. Foto: Divulga\u00e7\u00e3o\/PRF.<\/p>\n<p style=\"text-align: justify;\">Se inscreva no canal do Blog no You Tube<\/p>\n<p style=\"text-align: justify;\">Siga o Instagram do Blog @blogdordvaldomagalhaes<\/p>\n","protected":false},"excerpt":{"rendered":"<p>Uma menina de 3 anos de idade que apresentava problemas respirat\u00f3rios foi transportada de helic\u00f3ptero, no s\u00e1bado (1), entre o&hellip;<\/p>\n","protected":false},"author":1,"featured_media":98176,"comment_status":"closed","ping_status":"open","sticky":false,"template":"","format":"standard","meta":{"footnotes":""},"categories":[14120],"tags":[2,19532,3406,27934],"class_list":["post-98175","post","type-post","status-publish","format-standard","has-post-thumbnail","hentry","category-noticias","tag-blog-do-edvaldo-magalhaes","tag-blog-mais-acessado-e-visualizado-de-caruaru-e-regiao","tag-caruaru","tag-crianca-com-problema-respiratorio-e-transportada-de-helicoptero"],"_links":{"self":[{"href":"https:\/\/blogdoedvaldomagalhaes.com.br\/index.php\/wp-json\/wp\/v2\/posts\/98175","targetHints":{"allow":["GET"]}}],"collection":[{"href":"https:\/\/blogdoedvaldomagalhaes.com.br\/index.php\/wp-json\/wp\/v2\/posts"}],"about":[{"href":"https:\/\/blogdoedvaldomagalhaes.com.br\/index.php\/wp-json\/wp\/v2\/types\/post"}],"author":[{"embeddable":true,"href":"https:\/\/blogdoedvaldomagalhaes.com.br\/index.php\/wp-json\/wp\/v2\/users\/1"}],"replies":[{"embeddable":true,"href":"https:\/\/blogdoedvaldomagalhaes.com.br\/index.php\/wp-json\/wp\/v2\/comments?post=98175"}],"version-history":[{"count":1,"href":"https:\/\/blogdoedvaldomagalhaes.com.br\/index.php\/wp-json\/wp\/v2\/posts\/98175\/revisions"}],"predecessor-version":[{"id":98177,"href":"https:\/\/blogdoedvaldomagalhaes.com.br\/index.php\/wp-json\/wp\/v2\/posts\/98175\/revisions\/98177"}],"wp:featuredmedia":[{"embeddable":true,"href":"https:\/\/blogdoedvaldomagalhaes.com.br\/index.php\/wp-json\/wp\/v2\/media\/98176"}],"wp:attachment":[{"href":"https:\/\/blogdoedvaldomagalhaes.com.br\/index.php\/wp-json\/wp\/v2\/media?parent=98175"}],"wp:term":[{"taxonomy":"category","embeddable":true,"href":"https:\/\/blogdoedvaldomagalhaes.com.br\/index.php\/wp-json\/wp\/v2\/categories?post=98175"},{"taxonomy":"post_tag","embeddable":true,"href":"https:\/\/blogdoedvaldomagalhaes.com.br\/index.php\/wp-json\/wp\/v2\/tags?post=98175"}],"curies":[{"name":"wp","href":"https:\/\/api.w.org\/{rel}","templated":true}]}}