{"id":98171,"date":"2023-07-02T15:40:41","date_gmt":"2023-07-02T18:40:41","guid":{"rendered":"https:\/\/blogdoedvaldomagalhaes.com.br\/?p=98171"},"modified":"2023-07-02T15:40:42","modified_gmt":"2023-07-02T18:40:42","slug":"rodrigo-pinheiro-encerra-o-sao-joao-junto-com-o-povo-e-artistas-de-caruaru-e-regiao","status":"publish","type":"post","link":"https:\/\/blogdoedvaldomagalhaes.com.br\/index.php\/2023\/07\/02\/rodrigo-pinheiro-encerra-o-sao-joao-junto-com-o-povo-e-artistas-de-caruaru-e-regiao\/","title":{"rendered":"Rodrigo Pinheiro encerra o S\u00e3o Jo\u00e3o junto com o povo e artistas de Caruaru e regi\u00e3o"},"content":{"rendered":"<p style=\"text-align: justify;\"><span style=\"color: initial; font-size: revert;\">O encerramento do Maior e Melhor S\u00e3o Jo\u00e3o do Mundo ocorreu na madrugada deste domingo (02.07). A maior edi\u00e7\u00e3o de todos os tempos reuniu mais de 1200 atra\u00e7\u00f5es em 25 polos durante 65 dias de festa, um recorde. No ch\u00e3o do P\u00e1tio do Forr\u00f3, o prefeito Rodrigo Pinheiro se juntou ao maestro Spok, Benil, Jo\u00e3o do Pife, Marcelo Jeneci e diversos outros artistas da regi\u00e3o para finalizar o S\u00e3o Jo\u00e3o com quem faz a festa acontecer: o povo.<\/span><\/p>\n<p style=\"text-align: justify;\">Na noite desse s\u00e1bado (1\u00b0), o p\u00fablico come\u00e7ou t\u00edmido por causa da chuva, mas, aos poucos, uma multid\u00e3o foi tomando o P\u00e1tio do Forr\u00f3 para se despedir da maior manifesta\u00e7\u00e3o cultural do Nordeste.<\/p>\n<p style=\"text-align: justify;\">A noite come\u00e7ou com o cantor \u00c1vine Vinny com diversos hits que ocupam o ranking das mais ouvidas no Spotify. Em seguida, Ra\u00ed Saia Rodada fez uma mistura de m\u00fasicas atuais e seus sucessos de 20 anos atr\u00e1s, quando a banda despontou. O cantor fez, ainda, um arraial com can\u00e7\u00f5es tradicionais dos festejos juninos.<\/p>\n<p style=\"text-align: justify;\">Uma das atra\u00e7\u00f5es mais pedidas nas redes sociais da Prefeitura de Caruaru, a paraense Joelma trouxe coreografias e can\u00e7\u00f5es dos mais de 30 anos de carreira. &#8220;Caruaru, que saudade que eu tava de voc\u00eas. \u00c9 muito bom estar aqui&#8221;, declarou.<\/p>\n<p style=\"text-align: justify;\">Encerrando a \u00faltima noite de festa, maestro Spok recebeu uma dezena de artistas que cantaram cl\u00e1ssicos do forr\u00f3 e relembraram a tradi\u00e7\u00e3o do S\u00e3o Jo\u00e3o.<\/p>\n<p style=\"text-align: justify;\">&#8220;Estamos comemorando o sucesso deste ano. Todas as novidades que n\u00f3s trouxemos foram aprovadas pelo p\u00fablico e fizemos, sem d\u00favida, o maior e mais seguro S\u00e3o Jo\u00e3o da hist\u00f3ria. Ano que vem, ele ser\u00e1 ainda maior&#8221;, ressaltou o prefeito Rodrigo Pinheiro.<\/p>\n<p style=\"text-align: justify;\">Se inscreva no canal do Blog no You Tube<\/p>\n<p style=\"text-align: justify;\">Siga o Instagram do Blog @blogdoedvaldomagalhaes<\/p>\n\n\n<figure class=\"wp-block-image size-large\"><img loading=\"lazy\" decoding=\"async\" width=\"1024\" height=\"873\" src=\"https:\/\/blogdoedvaldomagalhaes.com.br\/wp-content\/uploads\/2023\/07\/IMG-20230702-WA0084-1024x873.jpg\" alt=\"\" class=\"wp-image-98172\" srcset=\"https:\/\/blogdoedvaldomagalhaes.com.br\/wp-content\/uploads\/2023\/07\/IMG-20230702-WA0084-1024x873.jpg 1024w, https:\/\/blogdoedvaldomagalhaes.com.br\/wp-content\/uploads\/2023\/07\/IMG-20230702-WA0084-300x256.jpg 300w, https:\/\/blogdoedvaldomagalhaes.com.br\/wp-content\/uploads\/2023\/07\/IMG-20230702-WA0084-768x655.jpg 768w, https:\/\/blogdoedvaldomagalhaes.com.br\/wp-content\/uploads\/2023\/07\/IMG-20230702-WA0084.jpg 1179w\" sizes=\"auto, (max-width: 1024px) 100vw, 1024px\" \/><figcaption class=\"wp-element-caption\">Fotos: Divulga\u00e7\u00e3o<\/figcaption><\/figure>\n","protected":false},"excerpt":{"rendered":"<p>O encerramento do Maior e Melhor S\u00e3o Jo\u00e3o do Mundo ocorreu na madrugada deste domingo (02.07). A maior edi\u00e7\u00e3o de&hellip;<\/p>\n","protected":false},"author":1,"featured_media":98173,"comment_status":"closed","ping_status":"open","sticky":false,"template":"","format":"standard","meta":{"footnotes":""},"categories":[14122],"tags":[2,19532,3406,27933],"class_list":["post-98171","post","type-post","status-publish","format-standard","has-post-thumbnail","hentry","category-politica","tag-blog-do-edvaldo-magalhaes","tag-blog-mais-acessado-e-visualizado-de-caruaru-e-regiao","tag-caruaru","tag-rodrigo-pinheiro-encerra-o-sao-joao-junto-com-o-povo-e-artistas-de-caruaru-e-regiao"],"_links":{"self":[{"href":"https:\/\/blogdoedvaldomagalhaes.com.br\/index.php\/wp-json\/wp\/v2\/posts\/98171","targetHints":{"allow":["GET"]}}],"collection":[{"href":"https:\/\/blogdoedvaldomagalhaes.com.br\/index.php\/wp-json\/wp\/v2\/posts"}],"about":[{"href":"https:\/\/blogdoedvaldomagalhaes.com.br\/index.php\/wp-json\/wp\/v2\/types\/post"}],"author":[{"embeddable":true,"href":"https:\/\/blogdoedvaldomagalhaes.com.br\/index.php\/wp-json\/wp\/v2\/users\/1"}],"replies":[{"embeddable":true,"href":"https:\/\/blogdoedvaldomagalhaes.com.br\/index.php\/wp-json\/wp\/v2\/comments?post=98171"}],"version-history":[{"count":1,"href":"https:\/\/blogdoedvaldomagalhaes.com.br\/index.php\/wp-json\/wp\/v2\/posts\/98171\/revisions"}],"predecessor-version":[{"id":98174,"href":"https:\/\/blogdoedvaldomagalhaes.com.br\/index.php\/wp-json\/wp\/v2\/posts\/98171\/revisions\/98174"}],"wp:featuredmedia":[{"embeddable":true,"href":"https:\/\/blogdoedvaldomagalhaes.com.br\/index.php\/wp-json\/wp\/v2\/media\/98173"}],"wp:attachment":[{"href":"https:\/\/blogdoedvaldomagalhaes.com.br\/index.php\/wp-json\/wp\/v2\/media?parent=98171"}],"wp:term":[{"taxonomy":"category","embeddable":true,"href":"https:\/\/blogdoedvaldomagalhaes.com.br\/index.php\/wp-json\/wp\/v2\/categories?post=98171"},{"taxonomy":"post_tag","embeddable":true,"href":"https:\/\/blogdoedvaldomagalhaes.com.br\/index.php\/wp-json\/wp\/v2\/tags?post=98171"}],"curies":[{"name":"wp","href":"https:\/\/api.w.org\/{rel}","templated":true}]}}