{"id":98166,"date":"2023-07-01T21:14:02","date_gmt":"2023-07-02T00:14:02","guid":{"rendered":"https:\/\/blogdoedvaldomagalhaes.com.br\/?p=98166"},"modified":"2023-07-01T21:19:53","modified_gmt":"2023-07-02T00:19:53","slug":"motociclista-morre-apos-colisao-em-arvore","status":"publish","type":"post","link":"https:\/\/blogdoedvaldomagalhaes.com.br\/index.php\/2023\/07\/01\/motociclista-morre-apos-colisao-em-arvore\/","title":{"rendered":"Motociclista morre, ap\u00f3s colis\u00e3o em \u00e1rvore"},"content":{"rendered":"<p style=\"text-align: justify;\">Um motociclista morreu neste s\u00e1bado (01.07), ap\u00f3s colis\u00e3o em uma \u00e1rvore na avenida Adjar da Silva Cas\u00e9, no bairro Indian\u00e1polis, em Caruaru. Joseildo Hon\u00f3rio de Brito, 35 anos de idade, perdeu o controle da dire\u00e7\u00e3o, colidiu em uma \u00e1rvore e morreu no local. O Samu foi acionado. O corpo foi encaminhado para o IML.<\/p>\n","protected":false},"excerpt":{"rendered":"<p>Um motociclista morreu neste s\u00e1bado (01.07), ap\u00f3s colis\u00e3o em uma \u00e1rvore na avenida Adjar da Silva Cas\u00e9, no bairro Indian\u00e1polis,&hellip;<\/p>\n","protected":false},"author":1,"featured_media":98167,"comment_status":"closed","ping_status":"open","sticky":false,"template":"","format":"standard","meta":{"footnotes":""},"categories":[14120],"tags":[2,19532,3406,27932],"class_list":["post-98166","post","type-post","status-publish","format-standard","has-post-thumbnail","hentry","category-noticias","tag-blog-do-edvaldo-magalhaes","tag-blog-mais-acessado-e-visualizado-de-caruaru-e-regiao","tag-caruaru","tag-motociclista-morre-apos-colisao-em-arvore"],"_links":{"self":[{"href":"https:\/\/blogdoedvaldomagalhaes.com.br\/index.php\/wp-json\/wp\/v2\/posts\/98166","targetHints":{"allow":["GET"]}}],"collection":[{"href":"https:\/\/blogdoedvaldomagalhaes.com.br\/index.php\/wp-json\/wp\/v2\/posts"}],"about":[{"href":"https:\/\/blogdoedvaldomagalhaes.com.br\/index.php\/wp-json\/wp\/v2\/types\/post"}],"author":[{"embeddable":true,"href":"https:\/\/blogdoedvaldomagalhaes.com.br\/index.php\/wp-json\/wp\/v2\/users\/1"}],"replies":[{"embeddable":true,"href":"https:\/\/blogdoedvaldomagalhaes.com.br\/index.php\/wp-json\/wp\/v2\/comments?post=98166"}],"version-history":[{"count":2,"href":"https:\/\/blogdoedvaldomagalhaes.com.br\/index.php\/wp-json\/wp\/v2\/posts\/98166\/revisions"}],"predecessor-version":[{"id":98170,"href":"https:\/\/blogdoedvaldomagalhaes.com.br\/index.php\/wp-json\/wp\/v2\/posts\/98166\/revisions\/98170"}],"wp:featuredmedia":[{"embeddable":true,"href":"https:\/\/blogdoedvaldomagalhaes.com.br\/index.php\/wp-json\/wp\/v2\/media\/98167"}],"wp:attachment":[{"href":"https:\/\/blogdoedvaldomagalhaes.com.br\/index.php\/wp-json\/wp\/v2\/media?parent=98166"}],"wp:term":[{"taxonomy":"category","embeddable":true,"href":"https:\/\/blogdoedvaldomagalhaes.com.br\/index.php\/wp-json\/wp\/v2\/categories?post=98166"},{"taxonomy":"post_tag","embeddable":true,"href":"https:\/\/blogdoedvaldomagalhaes.com.br\/index.php\/wp-json\/wp\/v2\/tags?post=98166"}],"curies":[{"name":"wp","href":"https:\/\/api.w.org\/{rel}","templated":true}]}}