{"id":98151,"date":"2023-07-01T14:22:53","date_gmt":"2023-07-01T17:22:53","guid":{"rendered":"https:\/\/blogdoedvaldomagalhaes.com.br\/?p=98151"},"modified":"2023-07-01T15:42:06","modified_gmt":"2023-07-01T18:42:06","slug":"maior-vaca-atolada-do-mundo-em-caruaru-neste-sabado-01","status":"publish","type":"post","link":"https:\/\/blogdoedvaldomagalhaes.com.br\/index.php\/2023\/07\/01\/maior-vaca-atolada-do-mundo-em-caruaru-neste-sabado-01\/","title":{"rendered":"Maior Vaca Atolada do Mundo, em Caruaru, neste s\u00e1bado (01)"},"content":{"rendered":"<p style=\"text-align: justify;\">O S\u00e3o Jo\u00e3o 2023 de Caruaru, ser\u00e1 encerrado oficialmente neste s\u00e1bado, encerrando tamb\u00e9m as festas de comidas gigantes. Na rua Estilac Leal, no bairro Salgado, acontece a festa da Maior Vaca Atolada do Mundo, a partir das 19h. A receita conta com 100 kg de macaxeira, 50 kg de costela de boi, calabresa e carne de charque. A iguaria foi feita em uma panela especial gigante. A vaca atolada \u00e9 um prato t\u00edpico brasileiro, muito conhecido e consumido e ser\u00e3o distribu\u00eddos 500 litros. Os organizadores da festa s\u00e3o Guga e Rog\u00e9rio Ozz Bir\u00f3s, \u00e9 um evento independente.<\/p>\n<p>Siga o Instagram do Blog das Comidas Gigantes @blogdoedvaldomagalhaes e se inscreva no canal do Blog no You Tube<\/p>\n","protected":false},"excerpt":{"rendered":"<p>O S\u00e3o Jo\u00e3o 2023 de Caruaru, ser\u00e1 encerrado oficialmente neste s\u00e1bado, encerrando tamb\u00e9m as festas de comidas gigantes. Na rua&hellip;<\/p>\n","protected":false},"author":1,"featured_media":98152,"comment_status":"closed","ping_status":"open","sticky":false,"template":"","format":"standard","meta":{"footnotes":""},"categories":[14120],"tags":[2,19532,3406,27929,6758],"class_list":["post-98151","post","type-post","status-publish","format-standard","has-post-thumbnail","hentry","category-noticias","tag-blog-do-edvaldo-magalhaes","tag-blog-mais-acessado-e-visualizado-de-caruaru-e-regiao","tag-caruaru","tag-maior-vaca-atolada-do-mundo-em-caruaru-neste-sabado-01","tag-sao-joao"],"_links":{"self":[{"href":"https:\/\/blogdoedvaldomagalhaes.com.br\/index.php\/wp-json\/wp\/v2\/posts\/98151","targetHints":{"allow":["GET"]}}],"collection":[{"href":"https:\/\/blogdoedvaldomagalhaes.com.br\/index.php\/wp-json\/wp\/v2\/posts"}],"about":[{"href":"https:\/\/blogdoedvaldomagalhaes.com.br\/index.php\/wp-json\/wp\/v2\/types\/post"}],"author":[{"embeddable":true,"href":"https:\/\/blogdoedvaldomagalhaes.com.br\/index.php\/wp-json\/wp\/v2\/users\/1"}],"replies":[{"embeddable":true,"href":"https:\/\/blogdoedvaldomagalhaes.com.br\/index.php\/wp-json\/wp\/v2\/comments?post=98151"}],"version-history":[{"count":3,"href":"https:\/\/blogdoedvaldomagalhaes.com.br\/index.php\/wp-json\/wp\/v2\/posts\/98151\/revisions"}],"predecessor-version":[{"id":98156,"href":"https:\/\/blogdoedvaldomagalhaes.com.br\/index.php\/wp-json\/wp\/v2\/posts\/98151\/revisions\/98156"}],"wp:featuredmedia":[{"embeddable":true,"href":"https:\/\/blogdoedvaldomagalhaes.com.br\/index.php\/wp-json\/wp\/v2\/media\/98152"}],"wp:attachment":[{"href":"https:\/\/blogdoedvaldomagalhaes.com.br\/index.php\/wp-json\/wp\/v2\/media?parent=98151"}],"wp:term":[{"taxonomy":"category","embeddable":true,"href":"https:\/\/blogdoedvaldomagalhaes.com.br\/index.php\/wp-json\/wp\/v2\/categories?post=98151"},{"taxonomy":"post_tag","embeddable":true,"href":"https:\/\/blogdoedvaldomagalhaes.com.br\/index.php\/wp-json\/wp\/v2\/tags?post=98151"}],"curies":[{"name":"wp","href":"https:\/\/api.w.org\/{rel}","templated":true}]}}