{"id":98100,"date":"2023-06-30T17:14:37","date_gmt":"2023-06-30T20:14:37","guid":{"rendered":"https:\/\/blogdoedvaldomagalhaes.com.br\/?p=98100"},"modified":"2023-06-30T17:29:43","modified_gmt":"2023-06-30T20:29:43","slug":"2-homicidio-em-caruaru-nesta-sexta-30-homem-e-morto-dentro-de-estabelecimento-comercial","status":"publish","type":"post","link":"https:\/\/blogdoedvaldomagalhaes.com.br\/index.php\/2023\/06\/30\/2-homicidio-em-caruaru-nesta-sexta-30-homem-e-morto-dentro-de-estabelecimento-comercial\/","title":{"rendered":"2\u00b0 homic\u00eddio em Caruaru nesta sexta (30): Homem \u00e9 morto enquanto trabalhava"},"content":{"rendered":"<p style=\"text-align: justify;\">Na tarde desta sexta-feira (30), um homem foi assassinado a tiros dentro de uma f\u00e1brica de sapatos na rua Saldanha da Gama, no centro de Caruaru. Mayke C\u00e9sar Santana, 26 anos de idade, estava trabalhando no estacionamento comercial, quando foi morto a tiros.<\/p>\n<p style=\"text-align: justify;\">Este foi o segundo homic\u00eddio registrado nesta sexta-feira (30) em Caruaru. No m\u00eas de junho, foram assassinadas 11 pessoas no munic\u00edpio<\/p>\n<hr \/>\n","protected":false},"excerpt":{"rendered":"<p>Na tarde desta sexta-feira (30), um homem foi assassinado a tiros dentro de uma f\u00e1brica de sapatos na rua Saldanha&hellip;<\/p>\n","protected":false},"author":1,"featured_media":98101,"comment_status":"closed","ping_status":"open","sticky":false,"template":"","format":"standard","meta":{"footnotes":""},"categories":[14120],"tags":[27925,2,19532,3406,5448],"class_list":["post-98100","post","type-post","status-publish","format-standard","has-post-thumbnail","hentry","category-noticias","tag-2-homicidio-em-caruaru-nesta-sexta-30-homem-e-morto-dentro-de-estabelecimento-comercial","tag-blog-do-edvaldo-magalhaes","tag-blog-mais-acessado-e-visualizado-de-caruaru-e-regiao","tag-caruaru","tag-homicidio"],"_links":{"self":[{"href":"https:\/\/blogdoedvaldomagalhaes.com.br\/index.php\/wp-json\/wp\/v2\/posts\/98100","targetHints":{"allow":["GET"]}}],"collection":[{"href":"https:\/\/blogdoedvaldomagalhaes.com.br\/index.php\/wp-json\/wp\/v2\/posts"}],"about":[{"href":"https:\/\/blogdoedvaldomagalhaes.com.br\/index.php\/wp-json\/wp\/v2\/types\/post"}],"author":[{"embeddable":true,"href":"https:\/\/blogdoedvaldomagalhaes.com.br\/index.php\/wp-json\/wp\/v2\/users\/1"}],"replies":[{"embeddable":true,"href":"https:\/\/blogdoedvaldomagalhaes.com.br\/index.php\/wp-json\/wp\/v2\/comments?post=98100"}],"version-history":[{"count":3,"href":"https:\/\/blogdoedvaldomagalhaes.com.br\/index.php\/wp-json\/wp\/v2\/posts\/98100\/revisions"}],"predecessor-version":[{"id":98105,"href":"https:\/\/blogdoedvaldomagalhaes.com.br\/index.php\/wp-json\/wp\/v2\/posts\/98100\/revisions\/98105"}],"wp:featuredmedia":[{"embeddable":true,"href":"https:\/\/blogdoedvaldomagalhaes.com.br\/index.php\/wp-json\/wp\/v2\/media\/98101"}],"wp:attachment":[{"href":"https:\/\/blogdoedvaldomagalhaes.com.br\/index.php\/wp-json\/wp\/v2\/media?parent=98100"}],"wp:term":[{"taxonomy":"category","embeddable":true,"href":"https:\/\/blogdoedvaldomagalhaes.com.br\/index.php\/wp-json\/wp\/v2\/categories?post=98100"},{"taxonomy":"post_tag","embeddable":true,"href":"https:\/\/blogdoedvaldomagalhaes.com.br\/index.php\/wp-json\/wp\/v2\/tags?post=98100"}],"curies":[{"name":"wp","href":"https:\/\/api.w.org\/{rel}","templated":true}]}}