{"id":98096,"date":"2023-06-30T11:31:02","date_gmt":"2023-06-30T14:31:02","guid":{"rendered":"https:\/\/blogdoedvaldomagalhaes.com.br\/?p=98096"},"modified":"2023-06-30T17:30:08","modified_gmt":"2023-06-30T20:30:08","slug":"jovem-e-assassinado-em-estrada-vicinal-em-caruaru","status":"publish","type":"post","link":"https:\/\/blogdoedvaldomagalhaes.com.br\/index.php\/2023\/06\/30\/jovem-e-assassinado-em-estrada-vicinal-em-caruaru\/","title":{"rendered":"Jovem \u00e9 assassinado em estrada vicinal em Caruaru"},"content":{"rendered":"<p style=\"text-align: justify;\">A Pol\u00edcia Civil registrou um homic\u00eddio na manh\u00e3 desta sexta-feira (30), em uma estrada vicinal nas proximidades do Residencial Alto do Moura, em Caruaru. Thiago Tavares da Silva, 23 anos de idade, que j\u00e1 teve passagem pela pol\u00edcia quando era adolescente, foi assassinado a tiros.<\/p>\n<p>Esse foi o 10\u00b0 homic\u00eddio no m\u00eas de junho. Foto: Adielson Galv\u00e3o.<\/p>\n","protected":false},"excerpt":{"rendered":"<p>A Pol\u00edcia Civil registrou um homic\u00eddio na manh\u00e3 desta sexta-feira (30), em uma estrada vicinal nas proximidades do Residencial Alto&hellip;<\/p>\n","protected":false},"author":1,"featured_media":98097,"comment_status":"closed","ping_status":"open","sticky":false,"template":"","format":"standard","meta":{"footnotes":""},"categories":[14120],"tags":[2,19532,3406,5448,27924],"class_list":["post-98096","post","type-post","status-publish","format-standard","has-post-thumbnail","hentry","category-noticias","tag-blog-do-edvaldo-magalhaes","tag-blog-mais-acessado-e-visualizado-de-caruaru-e-regiao","tag-caruaru","tag-homicidio","tag-jovem-e-assassinado-em-estrada-vicinal-em-caruaru"],"_links":{"self":[{"href":"https:\/\/blogdoedvaldomagalhaes.com.br\/index.php\/wp-json\/wp\/v2\/posts\/98096","targetHints":{"allow":["GET"]}}],"collection":[{"href":"https:\/\/blogdoedvaldomagalhaes.com.br\/index.php\/wp-json\/wp\/v2\/posts"}],"about":[{"href":"https:\/\/blogdoedvaldomagalhaes.com.br\/index.php\/wp-json\/wp\/v2\/types\/post"}],"author":[{"embeddable":true,"href":"https:\/\/blogdoedvaldomagalhaes.com.br\/index.php\/wp-json\/wp\/v2\/users\/1"}],"replies":[{"embeddable":true,"href":"https:\/\/blogdoedvaldomagalhaes.com.br\/index.php\/wp-json\/wp\/v2\/comments?post=98096"}],"version-history":[{"count":2,"href":"https:\/\/blogdoedvaldomagalhaes.com.br\/index.php\/wp-json\/wp\/v2\/posts\/98096\/revisions"}],"predecessor-version":[{"id":98106,"href":"https:\/\/blogdoedvaldomagalhaes.com.br\/index.php\/wp-json\/wp\/v2\/posts\/98096\/revisions\/98106"}],"wp:featuredmedia":[{"embeddable":true,"href":"https:\/\/blogdoedvaldomagalhaes.com.br\/index.php\/wp-json\/wp\/v2\/media\/98097"}],"wp:attachment":[{"href":"https:\/\/blogdoedvaldomagalhaes.com.br\/index.php\/wp-json\/wp\/v2\/media?parent=98096"}],"wp:term":[{"taxonomy":"category","embeddable":true,"href":"https:\/\/blogdoedvaldomagalhaes.com.br\/index.php\/wp-json\/wp\/v2\/categories?post=98096"},{"taxonomy":"post_tag","embeddable":true,"href":"https:\/\/blogdoedvaldomagalhaes.com.br\/index.php\/wp-json\/wp\/v2\/tags?post=98096"}],"curies":[{"name":"wp","href":"https:\/\/api.w.org\/{rel}","templated":true}]}}