{"id":98066,"date":"2023-06-30T00:29:02","date_gmt":"2023-06-30T03:29:02","guid":{"rendered":"https:\/\/blogdoedvaldomagalhaes.com.br\/?p=98066"},"modified":"2023-06-30T09:51:36","modified_gmt":"2023-06-30T12:51:36","slug":"festa-do-maior-leite-de-onca-em-caruaru-nesta-sexta-feira-30","status":"publish","type":"post","link":"https:\/\/blogdoedvaldomagalhaes.com.br\/index.php\/2023\/06\/30\/festa-do-maior-leite-de-onca-em-caruaru-nesta-sexta-feira-30\/","title":{"rendered":"Festa do Maior Leite de On\u00e7a, em Caruaru, nesta sexta-feira (30)"},"content":{"rendered":"<p style=\"text-align: justify;\">Na noite desta sexta-feira (30), ser\u00e1 realizada a Festa do Maior Leite de On\u00e7a, na avenida da Rep\u00fablica, no bairro Mauricio de Nassau. Ser\u00e3o distribu\u00eddos cerca de 2.500 litros da bebida, que \u00e9 feita \u00e0 base de vodka e leite condensado.<\/p>\n<p style=\"text-align: justify;\">\u00c0s atra\u00e7\u00f5es ser\u00e3o Marquinhos Balada, Nem Play, banda Fogo\u00a0<span style=\"font-size: revert;\">e Forr\u00f3. Os homenageados ser\u00e3o Marcos do Trio Mania e Fernanda Ferrer diretora de marketing da Pitu. A organiza\u00e7\u00e3o \u00e9 de Mam\u00e3o e Lineker Barros. Haver\u00e1 a cobertura do Blog das Comidas Gigantes @blogdoedvaldomagalhaes<\/span><\/p>\n\n\n<figure class=\"wp-block-image size-large\"><img loading=\"lazy\" decoding=\"async\" width=\"1024\" height=\"576\" src=\"https:\/\/blogdoedvaldomagalhaes.com.br\/wp-content\/uploads\/2023\/06\/IMG-20230508-WA0128-1-1024x576.jpg\" alt=\"\" class=\"wp-image-97400\" srcset=\"https:\/\/blogdoedvaldomagalhaes.com.br\/wp-content\/uploads\/2023\/06\/IMG-20230508-WA0128-1-1024x576.jpg 1024w, https:\/\/blogdoedvaldomagalhaes.com.br\/wp-content\/uploads\/2023\/06\/IMG-20230508-WA0128-1-300x169.jpg 300w, https:\/\/blogdoedvaldomagalhaes.com.br\/wp-content\/uploads\/2023\/06\/IMG-20230508-WA0128-1-768x432.jpg 768w, https:\/\/blogdoedvaldomagalhaes.com.br\/wp-content\/uploads\/2023\/06\/IMG-20230508-WA0128-1-1536x864.jpg 1536w, https:\/\/blogdoedvaldomagalhaes.com.br\/wp-content\/uploads\/2023\/06\/IMG-20230508-WA0128-1-1140x641.jpg 1140w, https:\/\/blogdoedvaldomagalhaes.com.br\/wp-content\/uploads\/2023\/06\/IMG-20230508-WA0128-1-720x405.jpg 720w, https:\/\/blogdoedvaldomagalhaes.com.br\/wp-content\/uploads\/2023\/06\/IMG-20230508-WA0128-1.jpg 1600w\" sizes=\"auto, (max-width: 1024px) 100vw, 1024px\" \/><\/figure>\n\n\n\n<figure class=\"wp-block-image size-large\"><img loading=\"lazy\" decoding=\"async\" width=\"1024\" height=\"1024\" src=\"https:\/\/blogdoedvaldomagalhaes.com.br\/wp-content\/uploads\/2023\/06\/IMG-20230613-WA0055-1024x1024.jpg\" alt=\"\" class=\"wp-image-97398\" srcset=\"https:\/\/blogdoedvaldomagalhaes.com.br\/wp-content\/uploads\/2023\/06\/IMG-20230613-WA0055-1024x1024.jpg 1024w, https:\/\/blogdoedvaldomagalhaes.com.br\/wp-content\/uploads\/2023\/06\/IMG-20230613-WA0055-300x300.jpg 300w, https:\/\/blogdoedvaldomagalhaes.com.br\/wp-content\/uploads\/2023\/06\/IMG-20230613-WA0055-150x150.jpg 150w, https:\/\/blogdoedvaldomagalhaes.com.br\/wp-content\/uploads\/2023\/06\/IMG-20230613-WA0055-768x768.jpg 768w, https:\/\/blogdoedvaldomagalhaes.com.br\/wp-content\/uploads\/2023\/06\/IMG-20230613-WA0055.jpg 1080w\" sizes=\"auto, (max-width: 1024px) 100vw, 1024px\" \/><\/figure>\n\n\n\n<figure class=\"wp-block-image size-large\"><img loading=\"lazy\" decoding=\"async\" width=\"1024\" height=\"1024\" src=\"https:\/\/blogdoedvaldomagalhaes.com.br\/wp-content\/uploads\/2023\/06\/IMG-20230622-WA0093-1024x1024.jpg\" alt=\"\" class=\"wp-image-97759\" srcset=\"https:\/\/blogdoedvaldomagalhaes.com.br\/wp-content\/uploads\/2023\/06\/IMG-20230622-WA0093-1024x1024.jpg 1024w, https:\/\/blogdoedvaldomagalhaes.com.br\/wp-content\/uploads\/2023\/06\/IMG-20230622-WA0093-300x300.jpg 300w, https:\/\/blogdoedvaldomagalhaes.com.br\/wp-content\/uploads\/2023\/06\/IMG-20230622-WA0093-150x150.jpg 150w, https:\/\/blogdoedvaldomagalhaes.com.br\/wp-content\/uploads\/2023\/06\/IMG-20230622-WA0093-768x768.jpg 768w, https:\/\/blogdoedvaldomagalhaes.com.br\/wp-content\/uploads\/2023\/06\/IMG-20230622-WA0093.jpg 1080w\" sizes=\"auto, (max-width: 1024px) 100vw, 1024px\" \/><\/figure>\n","protected":false},"excerpt":{"rendered":"<p>Na noite desta sexta-feira (30), ser\u00e1 realizada a Festa do Maior Leite de On\u00e7a, na avenida da Rep\u00fablica, no bairro&hellip;<\/p>\n","protected":false},"author":1,"featured_media":98067,"comment_status":"closed","ping_status":"open","sticky":false,"template":"","format":"standard","meta":{"footnotes":""},"categories":[14120],"tags":[2,19532,3406,27919],"class_list":["post-98066","post","type-post","status-publish","format-standard","has-post-thumbnail","hentry","category-noticias","tag-blog-do-edvaldo-magalhaes","tag-blog-mais-acessado-e-visualizado-de-caruaru-e-regiao","tag-caruaru","tag-festa-do-maior-leite-de-onca-em-caruaru-nesta-sexta-feira-30"],"_links":{"self":[{"href":"https:\/\/blogdoedvaldomagalhaes.com.br\/index.php\/wp-json\/wp\/v2\/posts\/98066","targetHints":{"allow":["GET"]}}],"collection":[{"href":"https:\/\/blogdoedvaldomagalhaes.com.br\/index.php\/wp-json\/wp\/v2\/posts"}],"about":[{"href":"https:\/\/blogdoedvaldomagalhaes.com.br\/index.php\/wp-json\/wp\/v2\/types\/post"}],"author":[{"embeddable":true,"href":"https:\/\/blogdoedvaldomagalhaes.com.br\/index.php\/wp-json\/wp\/v2\/users\/1"}],"replies":[{"embeddable":true,"href":"https:\/\/blogdoedvaldomagalhaes.com.br\/index.php\/wp-json\/wp\/v2\/comments?post=98066"}],"version-history":[{"count":4,"href":"https:\/\/blogdoedvaldomagalhaes.com.br\/index.php\/wp-json\/wp\/v2\/posts\/98066\/revisions"}],"predecessor-version":[{"id":98073,"href":"https:\/\/blogdoedvaldomagalhaes.com.br\/index.php\/wp-json\/wp\/v2\/posts\/98066\/revisions\/98073"}],"wp:featuredmedia":[{"embeddable":true,"href":"https:\/\/blogdoedvaldomagalhaes.com.br\/index.php\/wp-json\/wp\/v2\/media\/98067"}],"wp:attachment":[{"href":"https:\/\/blogdoedvaldomagalhaes.com.br\/index.php\/wp-json\/wp\/v2\/media?parent=98066"}],"wp:term":[{"taxonomy":"category","embeddable":true,"href":"https:\/\/blogdoedvaldomagalhaes.com.br\/index.php\/wp-json\/wp\/v2\/categories?post=98066"},{"taxonomy":"post_tag","embeddable":true,"href":"https:\/\/blogdoedvaldomagalhaes.com.br\/index.php\/wp-json\/wp\/v2\/tags?post=98066"}],"curies":[{"name":"wp","href":"https:\/\/api.w.org\/{rel}","templated":true}]}}