{"id":98019,"date":"2023-06-29T10:44:47","date_gmt":"2023-06-29T13:44:47","guid":{"rendered":"https:\/\/blogdoedvaldomagalhaes.com.br\/?p=98019"},"modified":"2023-06-29T10:44:48","modified_gmt":"2023-06-29T13:44:48","slug":"tres-motos-roubadas-sao-recuperadas-pelas-pm-e-trio-e-preso","status":"publish","type":"post","link":"https:\/\/blogdoedvaldomagalhaes.com.br\/index.php\/2023\/06\/29\/tres-motos-roubadas-sao-recuperadas-pelas-pm-e-trio-e-preso\/","title":{"rendered":"Tr\u00eas motos roubadas s\u00e3o recuperadas pelas PM e trio \u00e9 preso"},"content":{"rendered":"<p style=\"text-align: justify;\"><span style=\"font-size: revert; color: initial;\">Policiais militares do 1\u00ba BPM prenderam, ter\u00e7a-feira(27), tr\u00eas homens em posse de tr\u00eas motocicletas roubadas, em ocorr\u00eancia que teve in\u00edcio na PE-22, em Paulista. Durante rondas na rodovia, o efetivo visualizou dois suspeitos praticando dire\u00e7\u00e3o perigosa, pondo em risco transeuntes e ve\u00edculos, e deu in\u00edcio ao acompanhamento. A dupla tentou fugir e acabou caindo em uma rua pr\u00f3xima, sendo alcan\u00e7ada e abordada. Nada de il\u00edcito foi localizado, mas ao fazer uma verifica\u00e7\u00e3o no ve\u00edculo, o efetivo constatou que a moto era roubada. Os envolvidos admitiram o fato de se tratar de produto de roubo e indicaram o local em que um terceiro envolvido estava com outra moto na mesma situa\u00e7\u00e3o. Este novo suspeito foi localizado, com mais uma motocicleta roubada, e indicou o local onde estava o terceiro ve\u00edculo, dentro de uma mata, num local de dif\u00edcil acesso, onde foi encontrada. <\/span><\/p>\n<p style=\"text-align: justify;\"><span style=\"font-size: revert; color: initial;\">Diante dos fatos, o trio e o material apreendido foram apresentados na Delegacia de Plant\u00e3o de Paulista, onde foram adotadas as medidas cab\u00edveis. Foto: Divulga\u00e7\u00e3o\/PMPE.<\/span><\/p>\n<p style=\"text-align: justify;\">Se inscreva no canal do Blog no You Tube<\/p>\n<p style=\"text-align: justify;\">Siga o Instagram do Blog @blogdoedvaldomagalhaes<\/p>\n","protected":false},"excerpt":{"rendered":"<p>Policiais militares do 1\u00ba BPM prenderam, ter\u00e7a-feira(27), tr\u00eas homens em posse de tr\u00eas motocicletas roubadas, em ocorr\u00eancia que teve in\u00edcio&hellip;<\/p>\n","protected":false},"author":1,"featured_media":98020,"comment_status":"closed","ping_status":"open","sticky":false,"template":"","format":"standard","meta":{"footnotes":""},"categories":[14120],"tags":[2,19532,3406,27915],"class_list":["post-98019","post","type-post","status-publish","format-standard","has-post-thumbnail","hentry","category-noticias","tag-blog-do-edvaldo-magalhaes","tag-blog-mais-acessado-e-visualizado-de-caruaru-e-regiao","tag-caruaru","tag-tres-motos-roubadas-sao-recuperadas-pelas-pm-e-trio-e-preso"],"_links":{"self":[{"href":"https:\/\/blogdoedvaldomagalhaes.com.br\/index.php\/wp-json\/wp\/v2\/posts\/98019","targetHints":{"allow":["GET"]}}],"collection":[{"href":"https:\/\/blogdoedvaldomagalhaes.com.br\/index.php\/wp-json\/wp\/v2\/posts"}],"about":[{"href":"https:\/\/blogdoedvaldomagalhaes.com.br\/index.php\/wp-json\/wp\/v2\/types\/post"}],"author":[{"embeddable":true,"href":"https:\/\/blogdoedvaldomagalhaes.com.br\/index.php\/wp-json\/wp\/v2\/users\/1"}],"replies":[{"embeddable":true,"href":"https:\/\/blogdoedvaldomagalhaes.com.br\/index.php\/wp-json\/wp\/v2\/comments?post=98019"}],"version-history":[{"count":1,"href":"https:\/\/blogdoedvaldomagalhaes.com.br\/index.php\/wp-json\/wp\/v2\/posts\/98019\/revisions"}],"predecessor-version":[{"id":98021,"href":"https:\/\/blogdoedvaldomagalhaes.com.br\/index.php\/wp-json\/wp\/v2\/posts\/98019\/revisions\/98021"}],"wp:featuredmedia":[{"embeddable":true,"href":"https:\/\/blogdoedvaldomagalhaes.com.br\/index.php\/wp-json\/wp\/v2\/media\/98020"}],"wp:attachment":[{"href":"https:\/\/blogdoedvaldomagalhaes.com.br\/index.php\/wp-json\/wp\/v2\/media?parent=98019"}],"wp:term":[{"taxonomy":"category","embeddable":true,"href":"https:\/\/blogdoedvaldomagalhaes.com.br\/index.php\/wp-json\/wp\/v2\/categories?post=98019"},{"taxonomy":"post_tag","embeddable":true,"href":"https:\/\/blogdoedvaldomagalhaes.com.br\/index.php\/wp-json\/wp\/v2\/tags?post=98019"}],"curies":[{"name":"wp","href":"https:\/\/api.w.org\/{rel}","templated":true}]}}