{"id":98014,"date":"2023-06-29T10:31:33","date_gmt":"2023-06-29T13:31:33","guid":{"rendered":"https:\/\/blogdoedvaldomagalhaes.com.br\/?p=98014"},"modified":"2023-06-29T10:35:41","modified_gmt":"2023-06-29T13:35:41","slug":"carga-de-cerca-de-r-70-mil-em-drogas-deixada-em-onibus","status":"publish","type":"post","link":"https:\/\/blogdoedvaldomagalhaes.com.br\/index.php\/2023\/06\/29\/carga-de-cerca-de-r-70-mil-em-drogas-deixada-em-onibus\/","title":{"rendered":"Carga de cerca de R$ 70 mil em drogas deixada em \u00f4nibus"},"content":{"rendered":"<p><span style=\"color: initial; font-size: revert;\">Mesmo n\u00e3o tendo sido poss\u00edvel identificar e prender o respons\u00e1vel, policiais militares do 25\u00ba BPM realizaram uma importante apreens\u00e3o de entorpecentes, quarta-feira (28\/06), na BR-408, no Curado IV, em Jaboat\u00e3o dos Guararapes. Como resultado da ocorr\u00eancia, ficou um preju\u00edzo estimado em R$ 70 mil para o traficante.<\/span><\/p>\n<p>O efetivo foi acionado por telefone por um funcion\u00e1rio da Auto Via\u00e7\u00e3o Progresso, que encontrou uma mochila deixada em um \u00f4nibus da empresa, que havia feito a linha S\u00e3o Lu\u00eds(MA) \u2013 Recife, e j\u00e1 havia sido recolhido para a garagem. Dentro da sacola, foram localizados cinco tabletes de maconha com aproximadamente 5,150kg de maconha e um tablete com 1,005kg de coca\u00edna.<\/p>\n<p>O material foi apresentado na Delegacia de Prazeres, para que fossem adotadas as medidas para formalizar a apreens\u00e3o.<\/p>\n<p>Se inscreva no canal do Blog no You Tube<\/p>\n\n\n<figure class=\"wp-block-image size-large\"><img loading=\"lazy\" decoding=\"async\" width=\"576\" height=\"1024\" src=\"https:\/\/blogdoedvaldomagalhaes.com.br\/wp-content\/uploads\/2023\/06\/IMG-20230629-WA0045-576x1024.jpg\" alt=\"\" class=\"wp-image-98016\" srcset=\"https:\/\/blogdoedvaldomagalhaes.com.br\/wp-content\/uploads\/2023\/06\/IMG-20230629-WA0045-576x1024.jpg 576w, https:\/\/blogdoedvaldomagalhaes.com.br\/wp-content\/uploads\/2023\/06\/IMG-20230629-WA0045-169x300.jpg 169w, https:\/\/blogdoedvaldomagalhaes.com.br\/wp-content\/uploads\/2023\/06\/IMG-20230629-WA0045-768x1365.jpg 768w, https:\/\/blogdoedvaldomagalhaes.com.br\/wp-content\/uploads\/2023\/06\/IMG-20230629-WA0045-864x1536.jpg 864w, https:\/\/blogdoedvaldomagalhaes.com.br\/wp-content\/uploads\/2023\/06\/IMG-20230629-WA0045.jpg 900w\" sizes=\"auto, (max-width: 576px) 100vw, 576px\" \/><\/figure>\n","protected":false},"excerpt":{"rendered":"<p>Mesmo n\u00e3o tendo sido poss\u00edvel identificar e prender o respons\u00e1vel, policiais militares do 25\u00ba BPM realizaram uma importante apreens\u00e3o de&hellip;<\/p>\n","protected":false},"author":1,"featured_media":98015,"comment_status":"closed","ping_status":"open","sticky":false,"template":"","format":"standard","meta":{"footnotes":""},"categories":[14120],"tags":[2,19532,27914,3406],"class_list":["post-98014","post","type-post","status-publish","format-standard","has-post-thumbnail","hentry","category-noticias","tag-blog-do-edvaldo-magalhaes","tag-blog-mais-acessado-e-visualizado-de-caruaru-e-regiao","tag-carga-de-cerca-de-r-70-mil-em-drogas-deixada-em-onibus","tag-caruaru"],"_links":{"self":[{"href":"https:\/\/blogdoedvaldomagalhaes.com.br\/index.php\/wp-json\/wp\/v2\/posts\/98014","targetHints":{"allow":["GET"]}}],"collection":[{"href":"https:\/\/blogdoedvaldomagalhaes.com.br\/index.php\/wp-json\/wp\/v2\/posts"}],"about":[{"href":"https:\/\/blogdoedvaldomagalhaes.com.br\/index.php\/wp-json\/wp\/v2\/types\/post"}],"author":[{"embeddable":true,"href":"https:\/\/blogdoedvaldomagalhaes.com.br\/index.php\/wp-json\/wp\/v2\/users\/1"}],"replies":[{"embeddable":true,"href":"https:\/\/blogdoedvaldomagalhaes.com.br\/index.php\/wp-json\/wp\/v2\/comments?post=98014"}],"version-history":[{"count":1,"href":"https:\/\/blogdoedvaldomagalhaes.com.br\/index.php\/wp-json\/wp\/v2\/posts\/98014\/revisions"}],"predecessor-version":[{"id":98017,"href":"https:\/\/blogdoedvaldomagalhaes.com.br\/index.php\/wp-json\/wp\/v2\/posts\/98014\/revisions\/98017"}],"wp:featuredmedia":[{"embeddable":true,"href":"https:\/\/blogdoedvaldomagalhaes.com.br\/index.php\/wp-json\/wp\/v2\/media\/98015"}],"wp:attachment":[{"href":"https:\/\/blogdoedvaldomagalhaes.com.br\/index.php\/wp-json\/wp\/v2\/media?parent=98014"}],"wp:term":[{"taxonomy":"category","embeddable":true,"href":"https:\/\/blogdoedvaldomagalhaes.com.br\/index.php\/wp-json\/wp\/v2\/categories?post=98014"},{"taxonomy":"post_tag","embeddable":true,"href":"https:\/\/blogdoedvaldomagalhaes.com.br\/index.php\/wp-json\/wp\/v2\/tags?post=98014"}],"curies":[{"name":"wp","href":"https:\/\/api.w.org\/{rel}","templated":true}]}}