{"id":98005,"date":"2023-06-29T10:07:56","date_gmt":"2023-06-29T13:07:56","guid":{"rendered":"https:\/\/blogdoedvaldomagalhaes.com.br\/?p=98005"},"modified":"2023-06-29T10:07:57","modified_gmt":"2023-06-29T13:07:57","slug":"pm-aborta-roubo-de-carro-e-prende-dois-envolvidos","status":"publish","type":"post","link":"https:\/\/blogdoedvaldomagalhaes.com.br\/index.php\/2023\/06\/29\/pm-aborta-roubo-de-carro-e-prende-dois-envolvidos\/","title":{"rendered":"PM aborta roubo de carro e prende dois envolvidos"},"content":{"rendered":"<p style=\"text-align: justify;\"><span style=\"color: initial; font-size: revert;\">Policiais militares do 20\u00ba BPM prenderam dois homens por roubo de carro e porte ilegal de arma de fogo. O efetivo foi acionado para uma ocorr\u00eancia em que tr\u00eas suspeitos tomaram de assalto um Fiat Toro vermelho, no Ramal da Arena Pernambuco, e que teriam seguido no sentido de S\u00e3o Louren\u00e7o da Mata pela BR-208.<\/span><\/p>\n<p style=\"text-align: justify;\">A equipe visualizou o ve\u00edculo, deu in\u00edcio a um acompanhamento e solicitou apoio, tendo sido montado um bloqueio para intercepta\u00e7\u00e3o na estrada de acesso a Muribara, momento em que os envolvidos abandonaram o carro e efetuaram disparos contra o policiamento. Foi feito o revide e o trio fugiu a p\u00e9, invadindo resid\u00eancias, sendo dois deles capturados, feridos a tiros.<\/p>\n<p style=\"text-align: justify;\">Ambos foram levados para o Hospital Petronila Campos e, ap\u00f3s serem atendidos, um deles recebeu alta m\u00e9dica e o outro foi transferido com escolta para o Hospital da Restaura\u00e7\u00e3o. Com os envolvidos foram apreendidos um rev\u00f3lver calibre .38, cinco muni\u00e7\u00f5es, sendo uma deflagrada, e um simulacro.<\/p>\n<p style=\"text-align: justify;\">A ocorr\u00eancia foi conduzida para a DHPP para ado\u00e7\u00e3o das medidas cab\u00edveis. Foto: Divulga\u00e7\u00e3o\/PMPE.<\/p>\n<p style=\"text-align: justify;\">Se inscreva no canal do Blog no You Tube<\/p>\n<p style=\"text-align: justify;\">Siga o Instagram do Blog @blogdoedvaldomagalhaes<\/p>\n","protected":false},"excerpt":{"rendered":"<p>Policiais militares do 20\u00ba BPM prenderam dois homens por roubo de carro e porte ilegal de arma de fogo. O&hellip;<\/p>\n","protected":false},"author":1,"featured_media":98006,"comment_status":"closed","ping_status":"open","sticky":false,"template":"","format":"standard","meta":{"footnotes":""},"categories":[14121],"tags":[2,19532,3406,27911],"class_list":["post-98005","post","type-post","status-publish","format-standard","has-post-thumbnail","hentry","category-policial","tag-blog-do-edvaldo-magalhaes","tag-blog-mais-acessado-e-visualizado-de-caruaru-e-regiao","tag-caruaru","tag-pm-aborta-roubo-de-carro-e-prende-dois-envolvidos"],"_links":{"self":[{"href":"https:\/\/blogdoedvaldomagalhaes.com.br\/index.php\/wp-json\/wp\/v2\/posts\/98005","targetHints":{"allow":["GET"]}}],"collection":[{"href":"https:\/\/blogdoedvaldomagalhaes.com.br\/index.php\/wp-json\/wp\/v2\/posts"}],"about":[{"href":"https:\/\/blogdoedvaldomagalhaes.com.br\/index.php\/wp-json\/wp\/v2\/types\/post"}],"author":[{"embeddable":true,"href":"https:\/\/blogdoedvaldomagalhaes.com.br\/index.php\/wp-json\/wp\/v2\/users\/1"}],"replies":[{"embeddable":true,"href":"https:\/\/blogdoedvaldomagalhaes.com.br\/index.php\/wp-json\/wp\/v2\/comments?post=98005"}],"version-history":[{"count":1,"href":"https:\/\/blogdoedvaldomagalhaes.com.br\/index.php\/wp-json\/wp\/v2\/posts\/98005\/revisions"}],"predecessor-version":[{"id":98007,"href":"https:\/\/blogdoedvaldomagalhaes.com.br\/index.php\/wp-json\/wp\/v2\/posts\/98005\/revisions\/98007"}],"wp:featuredmedia":[{"embeddable":true,"href":"https:\/\/blogdoedvaldomagalhaes.com.br\/index.php\/wp-json\/wp\/v2\/media\/98006"}],"wp:attachment":[{"href":"https:\/\/blogdoedvaldomagalhaes.com.br\/index.php\/wp-json\/wp\/v2\/media?parent=98005"}],"wp:term":[{"taxonomy":"category","embeddable":true,"href":"https:\/\/blogdoedvaldomagalhaes.com.br\/index.php\/wp-json\/wp\/v2\/categories?post=98005"},{"taxonomy":"post_tag","embeddable":true,"href":"https:\/\/blogdoedvaldomagalhaes.com.br\/index.php\/wp-json\/wp\/v2\/tags?post=98005"}],"curies":[{"name":"wp","href":"https:\/\/api.w.org\/{rel}","templated":true}]}}