{"id":97995,"date":"2023-06-28T19:28:34","date_gmt":"2023-06-28T22:28:34","guid":{"rendered":"https:\/\/blogdoedvaldomagalhaes.com.br\/?p=97995"},"modified":"2023-06-29T10:37:40","modified_gmt":"2023-06-29T13:37:40","slug":"o-que-abre-e-fecha-no-feriado-de-sao-pedro-nesta-quinta-feira-29","status":"publish","type":"post","link":"https:\/\/blogdoedvaldomagalhaes.com.br\/index.php\/2023\/06\/28\/o-que-abre-e-fecha-no-feriado-de-sao-pedro-nesta-quinta-feira-29\/","title":{"rendered":"O que abre e fecha no feriado de S\u00e3o Pedro, nesta quinta-feira (29)"},"content":{"rendered":"<p style=\"text-align: justify;\"><span style=\"color: initial; font-size: revert;\">A Secretaria de Administra\u00e7\u00e3o de Caruaru (SAD), informa que nesta quinta-feira (29) n\u00e3o haver\u00e1 expediente nas reparti\u00e7\u00f5es p\u00fablicas. No dia 29 de junho, a cidade de Caruaru, no Agreste de Pernambuco, comemora o feriado do Dia de S\u00e3o Pedro.<\/span><\/p>\n<p style=\"text-align: justify;\">Neste dia, apenas os servi\u00e7os essenciais estar\u00e3o funcionando. Confira abaixo as atividades das pastas em atua\u00e7\u00e3o, bem como os hor\u00e1rios de alguns espa\u00e7os p\u00fablicos que ir\u00e3o funcionar.<\/p>\n<p style=\"text-align: justify;\">Sa\u00fade: Hospitais, Unidades de Pronto Atendimento (UPA) e Samu funcionar\u00e3o normalmente. A vacina\u00e7\u00e3o contra a Covid-19 funcionar\u00e1 nesta quarta (28), em hor\u00e1rio reduzido, das 08h \u00e0s 12h, na Via Parque, no trecho do INSS, e estar\u00e1 fechada na quinta-feira (29). Na sexta (30) volta ao funcionamento normal, das 08h \u00e0s 18h. J\u00e1 os servi\u00e7os ambulatoriais como os Ambulat\u00f3rios M\u00e9dicos Especializados (AME), as Unidades B\u00e1sicas de Sa\u00fade (UBS) e os Centros de Sa\u00fade (CS) n\u00e3o funcionar\u00e3o na quinta-feira (29), mas retornar\u00e3o na sexta (30).<\/p>\n<p style=\"text-align: justify;\">Secretaria de Servi\u00e7os P\u00fablicos e Sustentabilidade: Parques municipais funcionam normalmente, de 6h \u00e0s 19h.<\/p>\n<p style=\"text-align: justify;\">Secretaria de Pol\u00edticas para Mulheres: O Centro de Refer\u00eancia da Mulher Maria Neuma Silva Lira (CRM) funcionar\u00e1 em sistema de plant\u00e3o por meio do n\u00famero: 9 8384-4310.<\/p>\n<p style=\"text-align: justify;\">Secretaria de Desenvolvimento Social e Direitos Humanos: Plant\u00e3o do aux\u00edlio funeral pelos telefones: (81) 9.8384-2410 e (81) 9.8384-3756. Tamb\u00e9m funciona normalmente o atendimento \u00e0 popula\u00e7\u00e3o em situa\u00e7\u00e3o de rua no Acolhimento Adulto, que fica na rua Alferes Jorge, no bairro Indian\u00f3polis.<\/p>\n<p style=\"text-align: justify;\">Monte do Bom Jesus: Funcionamento do Centro de Atendimento ao Turista, das 9h \u00e0s 21h.<\/p>\n<p style=\"text-align: justify;\">Via Parque: Funcionamento das 6h \u00e0s 22h.<\/p>\n<p style=\"text-align: justify;\"><span style=\"color: initial; font-size: revert;\">O Sindicato dos Lojistas do Com\u00e9rcio de Caruaru (Sindloja) informa que o com\u00e9rcio poder\u00e1 praticar jornada de trabalho nesta quinta-feira, 29 de junho, Dia de S\u00e3o Pedro, feriado estabelecido pela lei municipal de n\u00ba. 3.564, de 9 de junho de 1993.<\/span><\/p>\n<p style=\"text-align: justify;\">Lojas situadas nos centros de compras, armaz\u00e9ns, home centers e empresas de material de constru\u00e7\u00e3o tamb\u00e9m t\u00eam permiss\u00e3o para jornada de trabalho nesse dia, de acordo com a Conven\u00e7\u00e3o Coletiva de Trabalho (CCT). P<span style=\"font-size: revert; color: initial;\">ara tanto, as lojas precisaram fazer uma solicita\u00e7\u00e3o com anteced\u00eancia ao Sindloja e sindicato profissional e tamb\u00e9m dever\u00e3o cumprir as regras estabelecidas pela CCT.<\/span><\/p>\n<div id=\"chunk-1j7rk\" style=\"text-align: justify;\">\n<p>Shopping Difusora as lojas e Quiosques, funcionam das 11 \u00e0s 20h; Pra\u00e7a de Alimenta\u00e7\u00e3o vai estar aberta das 11h \u00e0s 20h. Na Arena de Eventos \u2013 1\u00ba piso, est\u00e1 o Arrai\u00e1 Difusora, uma vila junina com apresenta\u00e7\u00f5es art\u00edsticas e musicais.<\/p>\n<\/div>\n<div id=\"chunk-96o18\" style=\"text-align: justify;\">\n<p>Caruaru Shopping as lojas, quiosques e servi\u00e7os v\u00e3o estar abertos das 10h \u00e0s 22h; Alimenta\u00e7\u00e3o e Lazer, das 11h \u00e0s 22h; o Big Bompre\u00e7o, das 7h \u00e0s 22h, e o cinema, de acordo com o hor\u00e1rio de sess\u00e3o.<\/p>\n<\/div>\n<div id=\"chunk-8poi3\">\n<p style=\"text-align: justify;\">Polo Caruaru vai estar aberto das 9h \u00e0s 18h.<\/p>\n<p style=\"text-align: justify;\">Bancos, lot\u00e9ricas, INSS, CIRETRANe Expresso Cidad\u00e3o estar\u00e3o fechados.<\/p>\n<\/div>\n","protected":false},"excerpt":{"rendered":"<p>A Secretaria de Administra\u00e7\u00e3o de Caruaru (SAD), informa que nesta quinta-feira (29) n\u00e3o haver\u00e1 expediente nas reparti\u00e7\u00f5es p\u00fablicas. No dia&hellip;<\/p>\n","protected":false},"author":1,"featured_media":21334,"comment_status":"closed","ping_status":"open","sticky":false,"template":"","format":"standard","meta":{"footnotes":""},"categories":[14120],"tags":[2,19532,3406,19446,27910],"class_list":["post-97995","post","type-post","status-publish","format-standard","has-post-thumbnail","hentry","category-noticias","tag-blog-do-edvaldo-magalhaes","tag-blog-mais-acessado-e-visualizado-de-caruaru-e-regiao","tag-caruaru","tag-feriado","tag-o-que-abre-e-fecha-no-feriado-de-sao-pedro"],"_links":{"self":[{"href":"https:\/\/blogdoedvaldomagalhaes.com.br\/index.php\/wp-json\/wp\/v2\/posts\/97995","targetHints":{"allow":["GET"]}}],"collection":[{"href":"https:\/\/blogdoedvaldomagalhaes.com.br\/index.php\/wp-json\/wp\/v2\/posts"}],"about":[{"href":"https:\/\/blogdoedvaldomagalhaes.com.br\/index.php\/wp-json\/wp\/v2\/types\/post"}],"author":[{"embeddable":true,"href":"https:\/\/blogdoedvaldomagalhaes.com.br\/index.php\/wp-json\/wp\/v2\/users\/1"}],"replies":[{"embeddable":true,"href":"https:\/\/blogdoedvaldomagalhaes.com.br\/index.php\/wp-json\/wp\/v2\/comments?post=97995"}],"version-history":[{"count":5,"href":"https:\/\/blogdoedvaldomagalhaes.com.br\/index.php\/wp-json\/wp\/v2\/posts\/97995\/revisions"}],"predecessor-version":[{"id":98018,"href":"https:\/\/blogdoedvaldomagalhaes.com.br\/index.php\/wp-json\/wp\/v2\/posts\/97995\/revisions\/98018"}],"wp:featuredmedia":[{"embeddable":true,"href":"https:\/\/blogdoedvaldomagalhaes.com.br\/index.php\/wp-json\/wp\/v2\/media\/21334"}],"wp:attachment":[{"href":"https:\/\/blogdoedvaldomagalhaes.com.br\/index.php\/wp-json\/wp\/v2\/media?parent=97995"}],"wp:term":[{"taxonomy":"category","embeddable":true,"href":"https:\/\/blogdoedvaldomagalhaes.com.br\/index.php\/wp-json\/wp\/v2\/categories?post=97995"},{"taxonomy":"post_tag","embeddable":true,"href":"https:\/\/blogdoedvaldomagalhaes.com.br\/index.php\/wp-json\/wp\/v2\/tags?post=97995"}],"curies":[{"name":"wp","href":"https:\/\/api.w.org\/{rel}","templated":true}]}}