{"id":97991,"date":"2023-06-28T14:22:40","date_gmt":"2023-06-28T17:22:40","guid":{"rendered":"https:\/\/blogdoedvaldomagalhaes.com.br\/?p=97991"},"modified":"2023-06-28T14:28:09","modified_gmt":"2023-06-28T17:28:09","slug":"todos-cantam-onildo-almeida-homenageia-o-mestre-nesta-quinta-29-em-caruaru","status":"publish","type":"post","link":"https:\/\/blogdoedvaldomagalhaes.com.br\/index.php\/2023\/06\/28\/todos-cantam-onildo-almeida-homenageia-o-mestre-nesta-quinta-29-em-caruaru\/","title":{"rendered":"Todos Cantam Onildo Almeida homenageia o mestre nesta quinta (29) em Caruaru"},"content":{"rendered":"<p style=\"text-align: justify;\"><span style=\"color: initial; font-size: revert;\">Nesta quinta, 29 de junho, dia de S\u00e3o Pedro, no Polo Azul\u00e3o, em Caruaru, ser\u00e1 realizado o show \u201cTodos Cantam Onildo Almeida\u201d, que tem como objetivo homenagear o mestre Onildo Almeida, renomado compositor e \u00edcone da m\u00fasica nacional.<\/span><\/p>\n<p style=\"text-align: justify;\">Onildo \u00e9 conhecido por suas composi\u00e7\u00f5es aut\u00eanticas, muitas delas interpretadas por Luiz Gonzaga. Sua m\u00fasica &#8220;A Feira de Caruaru&#8221; alcan\u00e7ou sucesso internacional, sendo gravada em 34 pa\u00edses. Ele recebeu o t\u00edtulo de Doutor Honoris Causa pela Universidade Federal de Pernambuco, uma honraria exclusiva para um artista caruaruense.<\/p>\n<p style=\"text-align: justify;\">O projeto Todos Cantam Onildo Almeida, promovido pela empresa Quayada Produ\u00e7\u00f5es, trar\u00e1 artistas renomados da m\u00fasica nacional e local para interpretar os sucessos do mestre. Alm\u00e9rio, Erisson Porto, Josildo S\u00e1, Maestro Spok, Nena Queiroga, Rogeria Dera, Isabela Moraes, Yngrid Bittencourt e Riah se apresentar\u00e3o, com participa\u00e7\u00f5es especiais de Mariana Aydar e Marcelo Jeneci.<\/p>\n<p style=\"text-align: justify;\">O show promete ser um espet\u00e1culo emocionante, no qual o p\u00fablico poder\u00e1 desfrutar as composi\u00e7\u00f5es do artista e apreciar a uni\u00e3o entre os talentos locais e os artistas consagrados. Com a reg\u00eancia do maestro Mozart Vieira, a banda base, formada por m\u00fasicos acad\u00eamicos de destaque, apresentar\u00e1 arranjos especiais de 24 m\u00fasicas selecionadas para o projeto. Al\u00e9m disso, haver\u00e1 um corpo de bal\u00e9 com coreografia e figurino assinados pelo bailarino Marcos Mercury.<\/p>\n<p style=\"text-align: justify;\">\u201cTodos Cantam Onildo Almeida\u201d \u00e9 uma comemora\u00e7\u00e3o aos 95 anos do mestre, que ser\u00e3o completados em agosto. Al\u00e9m disso, o espet\u00e1culo busca proporcionar uma experi\u00eancia \u00fanica ao p\u00fablico, oportunizar artistas locais a se apresentarem em um palco de destaque e gerar renda para os envolvidos no projeto. O evento promete ser um momento de celebra\u00e7\u00e3o e emo\u00e7\u00e3o, resgatando as composi\u00e7\u00f5es marcantes de Onildo Almeida e exaltando sua import\u00e2ncia para a cultura musical brasileira.<\/p>\n<p style=\"text-align: justify;\">_SERVI\u00c7O:_<\/p>\n<p style=\"text-align: justify;\">*TODOS CANTAM ONILDO ALMEIDA*<\/p>\n<p style=\"text-align: justify;\">*O qu\u00ea?* Espet\u00e1culo musical em homenagem aos 95 anos do cantor e compositor caruaruense Onildo Almeida, com participa\u00e7\u00e3o de Maestro Mozart Vieira, Nena Queiroga, Josildo S\u00e1, Alm\u00e9rio, Mariana Aydar, Marcelo Jeneci, entre outros. Foto: Jorge Farias<\/p>\n<p style=\"text-align: justify;\">Se inscreva no canal do Blog no You Tube<\/p>\n<p style=\"text-align: justify;\">Siga o Instagram do Blog @blogdoedvaldomagalhaes<\/p>\n\n\n<figure class=\"wp-block-image size-large\"><img loading=\"lazy\" decoding=\"async\" width=\"1024\" height=\"1024\" src=\"https:\/\/blogdoedvaldomagalhaes.com.br\/wp-content\/uploads\/2023\/06\/IMG-20230622-WA0094-1024x1024.jpg\" alt=\"\" class=\"wp-image-97765\" srcset=\"https:\/\/blogdoedvaldomagalhaes.com.br\/wp-content\/uploads\/2023\/06\/IMG-20230622-WA0094-1024x1024.jpg 1024w, https:\/\/blogdoedvaldomagalhaes.com.br\/wp-content\/uploads\/2023\/06\/IMG-20230622-WA0094-300x300.jpg 300w, https:\/\/blogdoedvaldomagalhaes.com.br\/wp-content\/uploads\/2023\/06\/IMG-20230622-WA0094-150x150.jpg 150w, https:\/\/blogdoedvaldomagalhaes.com.br\/wp-content\/uploads\/2023\/06\/IMG-20230622-WA0094-768x768.jpg 768w, https:\/\/blogdoedvaldomagalhaes.com.br\/wp-content\/uploads\/2023\/06\/IMG-20230622-WA0094.jpg 1080w\" sizes=\"auto, (max-width: 1024px) 100vw, 1024px\" \/><\/figure>\n\n\n\n<figure class=\"wp-block-image size-large\"><img loading=\"lazy\" decoding=\"async\" width=\"1024\" height=\"576\" src=\"https:\/\/blogdoedvaldomagalhaes.com.br\/wp-content\/uploads\/2023\/06\/IMG-20230508-WA0128-1-1024x576.jpg\" alt=\"\" class=\"wp-image-97400\" srcset=\"https:\/\/blogdoedvaldomagalhaes.com.br\/wp-content\/uploads\/2023\/06\/IMG-20230508-WA0128-1-1024x576.jpg 1024w, https:\/\/blogdoedvaldomagalhaes.com.br\/wp-content\/uploads\/2023\/06\/IMG-20230508-WA0128-1-300x169.jpg 300w, https:\/\/blogdoedvaldomagalhaes.com.br\/wp-content\/uploads\/2023\/06\/IMG-20230508-WA0128-1-768x432.jpg 768w, https:\/\/blogdoedvaldomagalhaes.com.br\/wp-content\/uploads\/2023\/06\/IMG-20230508-WA0128-1-1536x864.jpg 1536w, https:\/\/blogdoedvaldomagalhaes.com.br\/wp-content\/uploads\/2023\/06\/IMG-20230508-WA0128-1-1140x641.jpg 1140w, https:\/\/blogdoedvaldomagalhaes.com.br\/wp-content\/uploads\/2023\/06\/IMG-20230508-WA0128-1-720x405.jpg 720w, https:\/\/blogdoedvaldomagalhaes.com.br\/wp-content\/uploads\/2023\/06\/IMG-20230508-WA0128-1.jpg 1600w\" sizes=\"auto, (max-width: 1024px) 100vw, 1024px\" \/><\/figure>\n\n\n\n<figure class=\"wp-block-image size-large\"><img loading=\"lazy\" decoding=\"async\" width=\"1024\" height=\"1024\" src=\"https:\/\/blogdoedvaldomagalhaes.com.br\/wp-content\/uploads\/2023\/06\/IMG-20230613-WA0055-1024x1024.jpg\" alt=\"\" class=\"wp-image-97398\" srcset=\"https:\/\/blogdoedvaldomagalhaes.com.br\/wp-content\/uploads\/2023\/06\/IMG-20230613-WA0055-1024x1024.jpg 1024w, https:\/\/blogdoedvaldomagalhaes.com.br\/wp-content\/uploads\/2023\/06\/IMG-20230613-WA0055-300x300.jpg 300w, https:\/\/blogdoedvaldomagalhaes.com.br\/wp-content\/uploads\/2023\/06\/IMG-20230613-WA0055-150x150.jpg 150w, https:\/\/blogdoedvaldomagalhaes.com.br\/wp-content\/uploads\/2023\/06\/IMG-20230613-WA0055-768x768.jpg 768w, https:\/\/blogdoedvaldomagalhaes.com.br\/wp-content\/uploads\/2023\/06\/IMG-20230613-WA0055.jpg 1080w\" sizes=\"auto, (max-width: 1024px) 100vw, 1024px\" \/><\/figure>\n","protected":false},"excerpt":{"rendered":"<p>Nesta quinta, 29 de junho, dia de S\u00e3o Pedro, no Polo Azul\u00e3o, em Caruaru, ser\u00e1 realizado o show \u201cTodos Cantam&hellip;<\/p>\n","protected":false},"author":1,"featured_media":97992,"comment_status":"closed","ping_status":"open","sticky":false,"template":"","format":"standard","meta":{"footnotes":""},"categories":[14120],"tags":[2,19532,3406,6758,27909],"class_list":["post-97991","post","type-post","status-publish","format-standard","has-post-thumbnail","hentry","category-noticias","tag-blog-do-edvaldo-magalhaes","tag-blog-mais-acessado-e-visualizado-de-caruaru-e-regiao","tag-caruaru","tag-sao-joao","tag-todos-cantam-onildo-almeida-homenageia-o-mestre-nesta-quinta-29-em-caruaru"],"_links":{"self":[{"href":"https:\/\/blogdoedvaldomagalhaes.com.br\/index.php\/wp-json\/wp\/v2\/posts\/97991","targetHints":{"allow":["GET"]}}],"collection":[{"href":"https:\/\/blogdoedvaldomagalhaes.com.br\/index.php\/wp-json\/wp\/v2\/posts"}],"about":[{"href":"https:\/\/blogdoedvaldomagalhaes.com.br\/index.php\/wp-json\/wp\/v2\/types\/post"}],"author":[{"embeddable":true,"href":"https:\/\/blogdoedvaldomagalhaes.com.br\/index.php\/wp-json\/wp\/v2\/users\/1"}],"replies":[{"embeddable":true,"href":"https:\/\/blogdoedvaldomagalhaes.com.br\/index.php\/wp-json\/wp\/v2\/comments?post=97991"}],"version-history":[{"count":2,"href":"https:\/\/blogdoedvaldomagalhaes.com.br\/index.php\/wp-json\/wp\/v2\/posts\/97991\/revisions"}],"predecessor-version":[{"id":97994,"href":"https:\/\/blogdoedvaldomagalhaes.com.br\/index.php\/wp-json\/wp\/v2\/posts\/97991\/revisions\/97994"}],"wp:featuredmedia":[{"embeddable":true,"href":"https:\/\/blogdoedvaldomagalhaes.com.br\/index.php\/wp-json\/wp\/v2\/media\/97992"}],"wp:attachment":[{"href":"https:\/\/blogdoedvaldomagalhaes.com.br\/index.php\/wp-json\/wp\/v2\/media?parent=97991"}],"wp:term":[{"taxonomy":"category","embeddable":true,"href":"https:\/\/blogdoedvaldomagalhaes.com.br\/index.php\/wp-json\/wp\/v2\/categories?post=97991"},{"taxonomy":"post_tag","embeddable":true,"href":"https:\/\/blogdoedvaldomagalhaes.com.br\/index.php\/wp-json\/wp\/v2\/tags?post=97991"}],"curies":[{"name":"wp","href":"https:\/\/api.w.org\/{rel}","templated":true}]}}