{"id":97968,"date":"2023-06-28T11:39:34","date_gmt":"2023-06-28T14:39:34","guid":{"rendered":"https:\/\/blogdoedvaldomagalhaes.com.br\/?p=97968"},"modified":"2023-06-28T12:57:28","modified_gmt":"2023-06-28T15:57:28","slug":"safadao-zeze-di-camargo-e-luciano-na-vespera-e-dia-de-sao-pedro-em-caruaru-confira","status":"publish","type":"post","link":"https:\/\/blogdoedvaldomagalhaes.com.br\/index.php\/2023\/06\/28\/safadao-zeze-di-camargo-e-luciano-na-vespera-e-dia-de-sao-pedro-em-caruaru-confira\/","title":{"rendered":"Safad\u00e3o, Zez\u00e9 di Camargo e Luciano na v\u00e9spera e dia de S\u00e3o Pedro, em Caruaru; Confira"},"content":{"rendered":"<p style=\"text-align: justify;\"><span style=\"color: initial; font-size: revert;\">Na reta final do S\u00e3o Jo\u00e3o de Caruaru, nesta quarta (28) e quinta (29), v\u00e9spera e dia de S\u00e3o Pedro respectivamente, a cidade se prepara para receber grandes atra\u00e7\u00f5es, que prometem um p\u00fablico \u00e0 altura.<\/span><\/p>\n<p style=\"text-align: justify;\">Ap\u00f3s um hiato de cinco anos, o cearense Wesley Safad\u00e3o volta \u00e0 festa com um repert\u00f3rio que est\u00e1 na boca do povo. M\u00fasicas como \u201cPassatempo\u201d, \u201cDepende\u201d, \u201cEu j\u00e1 tava bem\u201d e \u201cEle \u00e9 ele, eu sou eu\u201d n\u00e3o podem faltar e prometem animar o p\u00fablico do P\u00e1tio do Forr\u00f3. Junto a ele, apresentam-se o Forr\u00f3 Anjo Azul, o cantor Eric Land e Marcynho Sensa\u00e7\u00e3o, dono de hits em parcerias com Mari Fernandez, Z\u00e9 Felipe e Tarc\u00edsio do Acordeon. Os shows come\u00e7am a partir das 19h. A programa\u00e7\u00e3o segue, ainda, no Palco 360\u00b0 Radiolassa Devassa, com Leidinha Santos, Renova\u00e7\u00e3o Nordestina e Lulinha Vaqueiro; interven\u00e7\u00e3o cultural LGBTQIA+ no Polo do Repente; al\u00e9m de apresenta\u00e7\u00f5es nos polos Juarez Santiago, Camar\u00e3o e das Quadrilhas.<\/p>\n<p style=\"text-align: justify;\">J\u00e1 nesta quinta (29), feriado em Caruaru, ser\u00e1 a despedida da edi\u00e7\u00e3o 2023 do Polo Azul\u00e3o. A partir das 19h, v\u00e1rios artistas se re\u00fanem para uma homenagem com o \u201cTodos cantam Onildo Almeida\u201d. Nomes como Alm\u00e9rio, Maestro Spok, Nena Queiroga e Marcelo Jeneci participam do espet\u00e1culo. Jeneci, inclusive, ser\u00e1 respons\u00e1vel por dar adeus ao palco alternativo do S\u00e3o Jo\u00e3o de Caruaru, junto \u00e0 cantora Mariana Aydar. O Alto do Moura tamb\u00e9m tem programa\u00e7\u00e3o pra l\u00e1 de especial com a Banda de P\u00edfanos de Caruaru Os Bianos, a dupla Edu e Maraial e o forr\u00f3 das antigas de Cavalo de Pau, que promete sucessos como \u201cTimidez\u201d, \u201cEstrelinha do c\u00e9u\u201d e \u201cBichinho de estima\u00e7\u00e3o\u201d. No P\u00e1tio do Forr\u00f3, a dupla que \u00e9 sensa\u00e7\u00e3o do momento, Iguinho e Lulinha, estreia no S\u00e3o Jo\u00e3o, junto a Z\u00e9 Vaqueiro e ao sertanejo Zez\u00e9 di Camargo, de volta ao palco junino ap\u00f3s oito anos.<\/p>\n<p style=\"text-align: justify;\">O S\u00e3o Jo\u00e3o segue at\u00e9 o pr\u00f3ximo s\u00e1bado (1\u00ba) e ter\u00e1, ainda, Mano Walter, Mastruz com Leite, Batista Lima, Ra\u00ed Saia Rodada e Joelma. Seguem, abaixo, os hor\u00e1rios das apresenta\u00e7\u00f5es.<\/p>\n<p style=\"text-align: justify;\"><strong>Quarta-feira (28)<\/strong><\/p>\n<p style=\"text-align: justify;\">_P\u00e1tio do Forr\u00f3_<\/p>\n<p style=\"text-align: justify;\">19h \u2013 Forr\u00f3 Anjo Azul<br>\n20h30 \u2013 Marcynho Sensa\u00e7\u00e3o<br>\n22h \u2013 Wesley Safad\u00e3o<br>\n0h \u2013 Eric Land<\/p>\n<p style=\"text-align: justify;\">_Palco 360\u00ba Radiolassa Devassa_<\/p>\n<p style=\"text-align: justify;\">19h \u2013 Leidinha Santos<br>\n21h30 \u2013 Renova\u00e7\u00e3o Nordestina<br>\n23h30 \u2013 Lulinha Vaqueiro<\/p>\n<p style=\"text-align: justify;\">_Polo Camar\u00e3o_<\/p>\n<p style=\"text-align: justify;\">19h \u2013 Raquel Santana<br>\n20h20 \u2013 Banda R\u00e9gis<br>\n21h50 \u2013 Michael Colorado<br>\n23h10 \u2013 Carlinhos Pompom e Banda<\/p>\n<p style=\"text-align: justify;\">_Polo Juarez Santiago_<\/p>\n<p style=\"text-align: justify;\">19h \u2013 Trio Floresta<br>\n20h10 \u2013 Las Morenas<br>\n21h20 \u2013 Laranjinha e Banda Encontro de Gera\u00e7\u00f5es<br>\n22h30 \u2013 Manoel da Concertina<br>\n23h40 \u2013 Trio Bulir com Tu<br>\n0h50 \u2013 Z\u00e9 Agripino<\/p>\n<p style=\"text-align: justify;\">_Polo das Quadrilhas_<\/p>\n<p style=\"text-align: justify;\">19h \u2013 Boi Teimoso<br>\n20h20 \u2013 Quadrilha Junina Flor do Caro\u00e1<br>\n21h20 \u2013 Bumba meu Boi Nelore<br>\n22h20 \u2013 Quadrilha Junina Arrocha o N\u00f3<br>\n23h20 \u2013 Quadrilha Junina Alto da Ful\u00f4<\/p>\n<p style=\"text-align: justify;\">_Polo do Repente_<\/p>\n<p style=\"text-align: justify;\">18h \u2013 Trio Caf\u00e9 com Leite<br>\n19h \u2013 Noite de poesias populares da Academia Caruaruense de Literatura de Cordel<br>\n20h30 \u2013 Trio Forr\u00f3 De Mais<br>\n21h \u2013 8\u00aa Interven\u00e7\u00e3o Cultural LGBTQIA+<\/p>\n<p style=\"text-align: justify;\"><strong>Quinta-feira (29)<\/strong><\/p>\n<p style=\"text-align: justify;\">_Polo Mestre Vitalino (Alto do Moura)_<\/p>\n<p style=\"text-align: justify;\">12h \u2013 Banda de P\u00edfanos de Caruaru Os Bianos<br>\n14h \u2013 Edu e Maraial<br>\n16h \u2013 Cavalo de Pau<\/p>\n<p style=\"text-align: justify;\">_Polo Azul\u00e3o_<\/p>\n<p style=\"text-align: justify;\">19h \u2013 Todos cantam Onildo Almeida<br>\n21h \u2013 Mariana Aydar<br>\n22h30 \u2013 Marcelo Jeneci<\/p>\n<p style=\"text-align: justify;\">_P\u00e1tio do Forr\u00f3_<\/p>\n<p style=\"text-align: justify;\">20h \u2013 Iguinho e Lulinha<br>\n22h \u2013 Z\u00e9 Vaqueiro<br>\n0h \u2013 Zez\u00e9 di Camargo<\/p>\n<p style=\"text-align: justify;\">_Palco 360\u00ba Radiolassa Devassa_<\/p>\n<p style=\"text-align: justify;\">19h \u2013 Jefferson Santa Rosa<br>\n21h30 \u2013 PV Calado<br>\n23h30 \u2013 Thiago Bar\u00e3o.<\/p>\n<p style=\"text-align: justify;\">Se inscreva no canal do Blog no You Tube<\/p>\n<p style=\"text-align: justify;\">Siga o Instagram do Blog @blogdoedvaldomagalhaes<\/p>\n<p style=\"text-align: justify;\">Foto: Divulga\u00e7\u00e3o.<\/p>\n\n\n<figure class=\"wp-block-image size-large\"><img loading=\"lazy\" decoding=\"async\" width=\"1024\" height=\"576\" src=\"https:\/\/blogdoedvaldomagalhaes.com.br\/wp-content\/uploads\/2023\/06\/IMG-20230508-WA0128-1-1024x576.jpg\" alt=\"\" class=\"wp-image-97400\" srcset=\"https:\/\/blogdoedvaldomagalhaes.com.br\/wp-content\/uploads\/2023\/06\/IMG-20230508-WA0128-1-1024x576.jpg 1024w, https:\/\/blogdoedvaldomagalhaes.com.br\/wp-content\/uploads\/2023\/06\/IMG-20230508-WA0128-1-300x169.jpg 300w, https:\/\/blogdoedvaldomagalhaes.com.br\/wp-content\/uploads\/2023\/06\/IMG-20230508-WA0128-1-768x432.jpg 768w, https:\/\/blogdoedvaldomagalhaes.com.br\/wp-content\/uploads\/2023\/06\/IMG-20230508-WA0128-1-1536x864.jpg 1536w, https:\/\/blogdoedvaldomagalhaes.com.br\/wp-content\/uploads\/2023\/06\/IMG-20230508-WA0128-1-1140x641.jpg 1140w, https:\/\/blogdoedvaldomagalhaes.com.br\/wp-content\/uploads\/2023\/06\/IMG-20230508-WA0128-1-720x405.jpg 720w, https:\/\/blogdoedvaldomagalhaes.com.br\/wp-content\/uploads\/2023\/06\/IMG-20230508-WA0128-1.jpg 1600w\" sizes=\"auto, (max-width: 1024px) 100vw, 1024px\" \/><\/figure>\n\n\n\n<figure class=\"wp-block-image size-large\"><img loading=\"lazy\" decoding=\"async\" width=\"1024\" height=\"1024\" src=\"https:\/\/blogdoedvaldomagalhaes.com.br\/wp-content\/uploads\/2023\/06\/IMG-20230613-WA0055-1024x1024.jpg\" alt=\"\" class=\"wp-image-97398\" srcset=\"https:\/\/blogdoedvaldomagalhaes.com.br\/wp-content\/uploads\/2023\/06\/IMG-20230613-WA0055-1024x1024.jpg 1024w, https:\/\/blogdoedvaldomagalhaes.com.br\/wp-content\/uploads\/2023\/06\/IMG-20230613-WA0055-300x300.jpg 300w, https:\/\/blogdoedvaldomagalhaes.com.br\/wp-content\/uploads\/2023\/06\/IMG-20230613-WA0055-150x150.jpg 150w, https:\/\/blogdoedvaldomagalhaes.com.br\/wp-content\/uploads\/2023\/06\/IMG-20230613-WA0055-768x768.jpg 768w, https:\/\/blogdoedvaldomagalhaes.com.br\/wp-content\/uploads\/2023\/06\/IMG-20230613-WA0055.jpg 1080w\" sizes=\"auto, (max-width: 1024px) 100vw, 1024px\" \/><\/figure>\n\n\n\n<figure class=\"wp-block-image size-large\"><img loading=\"lazy\" decoding=\"async\" width=\"1024\" height=\"1024\" src=\"https:\/\/blogdoedvaldomagalhaes.com.br\/wp-content\/uploads\/2023\/06\/IMG-20230622-WA0094-1024x1024.jpg\" alt=\"\" class=\"wp-image-97765\" srcset=\"https:\/\/blogdoedvaldomagalhaes.com.br\/wp-content\/uploads\/2023\/06\/IMG-20230622-WA0094-1024x1024.jpg 1024w, https:\/\/blogdoedvaldomagalhaes.com.br\/wp-content\/uploads\/2023\/06\/IMG-20230622-WA0094-300x300.jpg 300w, https:\/\/blogdoedvaldomagalhaes.com.br\/wp-content\/uploads\/2023\/06\/IMG-20230622-WA0094-150x150.jpg 150w, https:\/\/blogdoedvaldomagalhaes.com.br\/wp-content\/uploads\/2023\/06\/IMG-20230622-WA0094-768x768.jpg 768w, https:\/\/blogdoedvaldomagalhaes.com.br\/wp-content\/uploads\/2023\/06\/IMG-20230622-WA0094.jpg 1080w\" sizes=\"auto, (max-width: 1024px) 100vw, 1024px\" \/><\/figure>\n","protected":false},"excerpt":{"rendered":"<p>Na reta final do S\u00e3o Jo\u00e3o de Caruaru, nesta quarta (28) e quinta (29), v\u00e9spera e dia de S\u00e3o Pedro&hellip;<\/p>\n","protected":false},"author":1,"featured_media":97969,"comment_status":"closed","ping_status":"open","sticky":false,"template":"","format":"standard","meta":{"footnotes":""},"categories":[14120],"tags":[2,19532,3406,27906,6758],"class_list":["post-97968","post","type-post","status-publish","format-standard","has-post-thumbnail","hentry","category-noticias","tag-blog-do-edvaldo-magalhaes","tag-blog-mais-acessado-e-visualizado-de-caruaru-e-regiao","tag-caruaru","tag-safadao-zeze-di-camargo-e-luciano-na-vespera-e-dia-de-sao-pedro-em-caruaru-confira","tag-sao-joao"],"_links":{"self":[{"href":"https:\/\/blogdoedvaldomagalhaes.com.br\/index.php\/wp-json\/wp\/v2\/posts\/97968","targetHints":{"allow":["GET"]}}],"collection":[{"href":"https:\/\/blogdoedvaldomagalhaes.com.br\/index.php\/wp-json\/wp\/v2\/posts"}],"about":[{"href":"https:\/\/blogdoedvaldomagalhaes.com.br\/index.php\/wp-json\/wp\/v2\/types\/post"}],"author":[{"embeddable":true,"href":"https:\/\/blogdoedvaldomagalhaes.com.br\/index.php\/wp-json\/wp\/v2\/users\/1"}],"replies":[{"embeddable":true,"href":"https:\/\/blogdoedvaldomagalhaes.com.br\/index.php\/wp-json\/wp\/v2\/comments?post=97968"}],"version-history":[{"count":2,"href":"https:\/\/blogdoedvaldomagalhaes.com.br\/index.php\/wp-json\/wp\/v2\/posts\/97968\/revisions"}],"predecessor-version":[{"id":97981,"href":"https:\/\/blogdoedvaldomagalhaes.com.br\/index.php\/wp-json\/wp\/v2\/posts\/97968\/revisions\/97981"}],"wp:featuredmedia":[{"embeddable":true,"href":"https:\/\/blogdoedvaldomagalhaes.com.br\/index.php\/wp-json\/wp\/v2\/media\/97969"}],"wp:attachment":[{"href":"https:\/\/blogdoedvaldomagalhaes.com.br\/index.php\/wp-json\/wp\/v2\/media?parent=97968"}],"wp:term":[{"taxonomy":"category","embeddable":true,"href":"https:\/\/blogdoedvaldomagalhaes.com.br\/index.php\/wp-json\/wp\/v2\/categories?post=97968"},{"taxonomy":"post_tag","embeddable":true,"href":"https:\/\/blogdoedvaldomagalhaes.com.br\/index.php\/wp-json\/wp\/v2\/tags?post=97968"}],"curies":[{"name":"wp","href":"https:\/\/api.w.org\/{rel}","templated":true}]}}