{"id":97748,"date":"2023-06-22T23:23:54","date_gmt":"2023-06-23T02:23:54","guid":{"rendered":"https:\/\/blogdoedvaldomagalhaes.com.br\/?p=97748"},"modified":"2023-06-22T23:32:35","modified_gmt":"2023-06-23T02:32:35","slug":"anderson-correia-apresenta-icia-a-lula-da-fonte-visando-fortalecer-o-credenciamento-da-instituicao-no-sus","status":"publish","type":"post","link":"https:\/\/blogdoedvaldomagalhaes.com.br\/index.php\/2023\/06\/22\/anderson-correia-apresenta-icia-a-lula-da-fonte-visando-fortalecer-o-credenciamento-da-instituicao-no-sus\/","title":{"rendered":"Anderson Correia apresenta ICIA a Lula da Fonte visando fortalecer o credenciamento da institui\u00e7\u00e3o no SUS"},"content":{"rendered":"<p style=\"text-align: justify;\"><span style=\"color: initial; font-size: revert;\">No fim da tarde desta quinta-feira (22), o vereador Anderson Correia (PP) recebeu, em Caruaru, juntamente com o presidente da C\u00e2mara Municipal, Bruno Lambreta, o deputado federal e vice-presidente do Partido Progressistas em Pernambuco, Lula da Fonte, e o levou para conhecer o Instituto do C\u00e2ncer Infantil do Agreste (ICIA), visando fortalecer o credenciamento da institui\u00e7\u00e3o no SUS, para duplicar o n\u00famero de leitos de UTI na regi\u00e3o, em prol das crian\u00e7as com c\u00e2ncer.<\/span><\/p>\n<p style=\"text-align: justify;\">\u201cFoi com muita satisfa\u00e7\u00e3o que recebemos o deputado Lula da Fonte, grande aliado na luta contra o c\u00e2ncer infantil. Sua presen\u00e7a aqui fortalece ainda mais o que estamos buscando, que \u00e9 o credenciamento do ICIA no SUS, com o objetivo de criar novos leitos de UTI na institui\u00e7\u00e3o, al\u00e9m de outras pol\u00edticas p\u00fablicas em prol das crian\u00e7as com c\u00e2ncer, para que elas e suas fam\u00edlias tenham uma vida mais digna e com maiores chances de vencer a doen\u00e7a\u201d, destacou Anderson.<\/p>\n<p style=\"text-align: justify;\">Na \u00faltima segunda-feira ambos tamb\u00e9m visitaram o Hospital do C\u00e2ncer de Pernambuco, ao lado do deputado federal Eduardo da Fonte, juntamente com membros da diretoria do ICIA e do Presidente da Comiss\u00e3o de Sa\u00fade da Alepe, deputado Adalto Santos, onde se reuniram com a dire\u00e7\u00e3o do HCP para tra\u00e7ar diretrizes sobre os atendimentos no Estado, com foco tamb\u00e9m na interioriza\u00e7\u00e3o dos servi\u00e7os de sa\u00fade voltados para esta pauta, visando a\u00e7\u00f5es que beneficiem o Agreste, por meio do ICIA, com pol\u00edticas p\u00fablicas eficazes para o combate do c\u00e2ncer infantil. Foto: Divulga\u00e7\u00e3o.<\/p>\n<p style=\"text-align: justify;\">Se inscreva no canal do Blog no You Tube.<\/p>\n<p style=\"text-align: justify;\">Siga o Instagram do Blog @blogdoedvaldomagalhaes<\/p>\n","protected":false},"excerpt":{"rendered":"<p>No fim da tarde desta quinta-feira (22), o vereador Anderson Correia (PP) recebeu, em Caruaru, juntamente com o presidente da&hellip;<\/p>\n","protected":false},"author":1,"featured_media":97751,"comment_status":"closed","ping_status":"open","sticky":false,"template":"","format":"standard","meta":{"footnotes":""},"categories":[14122],"tags":[27874,2,19532,3406,20],"class_list":["post-97748","post","type-post","status-publish","format-standard","has-post-thumbnail","hentry","category-politica","tag-anderson-correia-apresenta-icia-a-lula-da-fonte-visando-fortalecer-o-credenciamento-da-instituicao-no-sus","tag-blog-do-edvaldo-magalhaes","tag-blog-mais-acessado-e-visualizado-de-caruaru-e-regiao","tag-caruaru","tag-politica"],"_links":{"self":[{"href":"https:\/\/blogdoedvaldomagalhaes.com.br\/index.php\/wp-json\/wp\/v2\/posts\/97748","targetHints":{"allow":["GET"]}}],"collection":[{"href":"https:\/\/blogdoedvaldomagalhaes.com.br\/index.php\/wp-json\/wp\/v2\/posts"}],"about":[{"href":"https:\/\/blogdoedvaldomagalhaes.com.br\/index.php\/wp-json\/wp\/v2\/types\/post"}],"author":[{"embeddable":true,"href":"https:\/\/blogdoedvaldomagalhaes.com.br\/index.php\/wp-json\/wp\/v2\/users\/1"}],"replies":[{"embeddable":true,"href":"https:\/\/blogdoedvaldomagalhaes.com.br\/index.php\/wp-json\/wp\/v2\/comments?post=97748"}],"version-history":[{"count":1,"href":"https:\/\/blogdoedvaldomagalhaes.com.br\/index.php\/wp-json\/wp\/v2\/posts\/97748\/revisions"}],"predecessor-version":[{"id":97750,"href":"https:\/\/blogdoedvaldomagalhaes.com.br\/index.php\/wp-json\/wp\/v2\/posts\/97748\/revisions\/97750"}],"wp:featuredmedia":[{"embeddable":true,"href":"https:\/\/blogdoedvaldomagalhaes.com.br\/index.php\/wp-json\/wp\/v2\/media\/97751"}],"wp:attachment":[{"href":"https:\/\/blogdoedvaldomagalhaes.com.br\/index.php\/wp-json\/wp\/v2\/media?parent=97748"}],"wp:term":[{"taxonomy":"category","embeddable":true,"href":"https:\/\/blogdoedvaldomagalhaes.com.br\/index.php\/wp-json\/wp\/v2\/categories?post=97748"},{"taxonomy":"post_tag","embeddable":true,"href":"https:\/\/blogdoedvaldomagalhaes.com.br\/index.php\/wp-json\/wp\/v2\/tags?post=97748"}],"curies":[{"name":"wp","href":"https:\/\/api.w.org\/{rel}","templated":true}]}}