{"id":97735,"date":"2023-06-22T16:41:30","date_gmt":"2023-06-22T19:41:30","guid":{"rendered":"https:\/\/blogdoedvaldomagalhaes.com.br\/?p=97735"},"modified":"2023-06-22T17:15:17","modified_gmt":"2023-06-22T20:15:17","slug":"o-que-abre-e-fecha-na-vespera-e-dia-de-sao-joao-em-caruaru","status":"publish","type":"post","link":"https:\/\/blogdoedvaldomagalhaes.com.br\/index.php\/2023\/06\/22\/o-que-abre-e-fecha-na-vespera-e-dia-de-sao-joao-em-caruaru\/","title":{"rendered":"O que abre e fecha na v\u00e9spera e Dia de S\u00e3o Jo\u00e3o em Caruaru"},"content":{"rendered":"<div id=\"chunk-8psed\">\n<p style=\"text-align: justify;\">Na v\u00e9spera, sexta-feira (23) e no Dia de S\u00e3o Jo\u00e3o, s\u00e1bado (24), estabelecimentos, centros de compra e servi\u00e7os mudam o hor\u00e1rio de funcionamento.<\/p>\n<\/div>\n<div id=\"chunk-9bbt4\" style=\"text-align: justify;\">\n<p>Na sexta-feira (23), ser\u00e1 ponto facultativo para os \u00f3rg\u00e3os do munic\u00edpio e do estado, funcionando apenas os \u00f3rg\u00e3os considerados essenciais, como UPAs, hospitais municipais e SAMU. No dia 24 ser\u00e1 feriado. Confira o que abre e fecha:<\/p>\n<\/div>\n<div id=\"chunk-67g2g\" style=\"text-align: justify;\">\n<p>No s\u00e1bado dia 24 de junho, feriado municipal de S\u00e3o Jo\u00e3o, as lojas do com\u00e9rcio estar\u00e3o fechadas no centro e no entorno do Parque 18 de maio.<\/p>\n<\/div>\n<div id=\"chunk-5eokj\" style=\"text-align: justify;\">\n<p>Caruaru Shopping abre em hor\u00e1rio normal, das 10h \u00e0s 22h;<\/p>\n<\/div>\n<div id=\"chunk-9bs5m\">\n<p style=\"text-align: justify;\">Shopping Difusora na sexta-feira (23), funcionam rodas as opera\u00e7\u00f5es, incluindo alimenta\u00e7\u00e3o e quiosques, das 10h \u00e0s 22h. No s\u00e1bado (24), tudo funciona das 11h \u00e0s 20h. O cinema funcionar\u00e1 conforme programa\u00e7\u00e3o pr\u00f3pria.<\/p>\n<div id=\"chunk-adiem\" style=\"text-align: justify;\">\n<p>Polo Caruaru estar\u00e1 aberto das 9h \u00e0s 18h.<\/p>\n<\/div>\n<div id=\"chunk-7nbfl\" style=\"text-align: justify;\">\n<p>Ferreira Costa na sexta-feira (23), aberto das 8h \u00e0s 19h. No s\u00e1bado (24), aberto das 10 \u00e0s 16h.<\/p>\n<\/div>\n<div id=\"chunk-4jb02\" style=\"text-align: justify;\">\n<p>Feira da Sulanca foi antecipada para esta quinta-feira (22).<\/p>\n<\/div>\n<div id=\"chunk-2sdgd\" style=\"text-align: justify;\">\n<p>Feira de frutas e verduras, no Parque 18 de Maio, foi antecipada para sexta-feira (23). A feira do bairro S\u00e3o Francisco foi antecipada para esta quinta (22). As feiras dos bairros Salgado e Boa Vista, ser\u00e3o realizadas nos tr\u00eas dias sexta (23), s\u00e1bado (24) e domingo (25), das 05h \u00e0s 12h.<\/p>\n<\/div>\n<div id=\"chunk-cnst4\" style=\"text-align: justify;\">\n<p>As ag\u00eancias banc\u00e1rias abrem normalmente na sexta-feira (23), das 10h \u00e0s 16h.<\/p>\n<\/div>\n<div id=\"chunk-5lb6r\" style=\"text-align: justify;\">\n<p>Hospitais, Unidades de Pronto Atendimento (UPA) e Samu funcionar\u00e3o normalmente. A vacina\u00e7\u00e3o contra a Covid-19 n\u00e3o funcionar\u00e1, nem na Via Parque, no trecho do INSS, nem nas unidades b\u00e1sicas de sa\u00fade, sexta (23) e s\u00e1bado (24), sendo retomada na segunda-feira (26). Os servi\u00e7os ambulatoriais como os Ambulat\u00f3rios M\u00e9dicos Especializados (AME), as Unidades B\u00e1sicas de Sa\u00fade (UBS) e os Centros de Sa\u00fade (CS) tamb\u00e9m n\u00e3o funcionar\u00e3o.<\/p>\n<\/div>\n<div id=\"chunk-cqa7n\">\n<p style=\"text-align: justify;\">Parques municipais funcionam normalmente, de 6h \u00e0s 19h.<\/p>\n<div id=\"chunk-tps\" style=\"text-align: justify;\">\n<p>Plant\u00e3o do aux\u00edlio funeral pelos telefones: (81) 9.8384-2410 e (81) 9.8384-3756. Tamb\u00e9m funciona normalmente o atendimento \u00e0 popula\u00e7\u00e3o em situa\u00e7\u00e3o de rua no Acolhimento Adulto, que fica na rua Alferes Jorge, no bairro Indian\u00f3polis.<\/p>\n<\/div>\n<div id=\"chunk-6s0c6\" style=\"text-align: justify;\">\n<p>Funcionamento no\u00a0 Centro de Atendimento ao Turista, no Monte Bom Jesus, das 9h \u00e0s 21h.<\/p>\n<\/div>\n<div id=\"chunk-7ieh5\">\n<p style=\"text-align: justify;\">Funcionamento normal na Via Parque das 6h \u00e0s 22h.<\/p>\n<p style=\"text-align: justify;\">Foto: Jana\u00edna Pepeu.<\/p>\n<p style=\"text-align: justify;\">Siga o Instagram do Blog @blogdoedvaldomagalhaes<\/p>\n<p style=\"text-align: justify;\">Se inscreva no canal do Blog no You Tube<\/p>\n<\/div>\n<\/div>\n<\/div>\n","protected":false},"excerpt":{"rendered":"<p>Na v\u00e9spera, sexta-feira (23) e no Dia de S\u00e3o Jo\u00e3o, s\u00e1bado (24), estabelecimentos, centros de compra e servi\u00e7os mudam o&hellip;<\/p>\n","protected":false},"author":1,"featured_media":97736,"comment_status":"closed","ping_status":"open","sticky":false,"template":"","format":"standard","meta":{"footnotes":""},"categories":[14120],"tags":[2,19532,3406,27873],"class_list":["post-97735","post","type-post","status-publish","format-standard","has-post-thumbnail","hentry","category-noticias","tag-blog-do-edvaldo-magalhaes","tag-blog-mais-acessado-e-visualizado-de-caruaru-e-regiao","tag-caruaru","tag-o-que-abre-e-fecha-na-vespera-e-dia-de-sao-joao-em-caruaru"],"_links":{"self":[{"href":"https:\/\/blogdoedvaldomagalhaes.com.br\/index.php\/wp-json\/wp\/v2\/posts\/97735","targetHints":{"allow":["GET"]}}],"collection":[{"href":"https:\/\/blogdoedvaldomagalhaes.com.br\/index.php\/wp-json\/wp\/v2\/posts"}],"about":[{"href":"https:\/\/blogdoedvaldomagalhaes.com.br\/index.php\/wp-json\/wp\/v2\/types\/post"}],"author":[{"embeddable":true,"href":"https:\/\/blogdoedvaldomagalhaes.com.br\/index.php\/wp-json\/wp\/v2\/users\/1"}],"replies":[{"embeddable":true,"href":"https:\/\/blogdoedvaldomagalhaes.com.br\/index.php\/wp-json\/wp\/v2\/comments?post=97735"}],"version-history":[{"count":6,"href":"https:\/\/blogdoedvaldomagalhaes.com.br\/index.php\/wp-json\/wp\/v2\/posts\/97735\/revisions"}],"predecessor-version":[{"id":97747,"href":"https:\/\/blogdoedvaldomagalhaes.com.br\/index.php\/wp-json\/wp\/v2\/posts\/97735\/revisions\/97747"}],"wp:featuredmedia":[{"embeddable":true,"href":"https:\/\/blogdoedvaldomagalhaes.com.br\/index.php\/wp-json\/wp\/v2\/media\/97736"}],"wp:attachment":[{"href":"https:\/\/blogdoedvaldomagalhaes.com.br\/index.php\/wp-json\/wp\/v2\/media?parent=97735"}],"wp:term":[{"taxonomy":"category","embeddable":true,"href":"https:\/\/blogdoedvaldomagalhaes.com.br\/index.php\/wp-json\/wp\/v2\/categories?post=97735"},{"taxonomy":"post_tag","embeddable":true,"href":"https:\/\/blogdoedvaldomagalhaes.com.br\/index.php\/wp-json\/wp\/v2\/tags?post=97735"}],"curies":[{"name":"wp","href":"https:\/\/api.w.org\/{rel}","templated":true}]}}