{"id":97729,"date":"2023-06-22T16:22:52","date_gmt":"2023-06-22T19:22:52","guid":{"rendered":"https:\/\/blogdoedvaldomagalhaes.com.br\/?p=97729"},"modified":"2023-06-22T16:27:47","modified_gmt":"2023-06-22T19:27:47","slug":"veja-a-programacao-na-estacao-ferroviaria-de-caruaru-nesta-quinta-feira-22","status":"publish","type":"post","link":"https:\/\/blogdoedvaldomagalhaes.com.br\/index.php\/2023\/06\/22\/veja-a-programacao-na-estacao-ferroviaria-de-caruaru-nesta-quinta-feira-22\/","title":{"rendered":"Veja a programa\u00e7\u00e3o na Esta\u00e7\u00e3o Ferrovi\u00e1ria de Caruaru nesta quinta-feira (22)"},"content":{"rendered":"<p style=\"text-align: justify;\"><span style=\"font-size: revert;\">Nesta quinta-feira, no Polo do Repente, as atra\u00e7\u00f5es iniciam \u00e0s 19h com a dupla de apoiadores Zito Alves e Ant\u00f4nio Barbosa. Na sequ\u00eancia, declama\u00e7\u00e3o de poesias com Luciano Dion\u00edsio e Luiz do Sert\u00e3o; dupla de repentistas Luciano Leonel e Ivanildo Vilanona e, encerrando a noite, Trio Fole de Ouro. J\u00e1 no Polo Camar\u00e3o, tamb\u00e9m localizado na Esta\u00e7\u00e3o, se apresentar\u00e3o: Carlinhos Nova; Walkyria Mendes; Elo\u00edsa Olinto; Kaik Gois e Andreza Formiga.<\/span><\/p>\n<p style=\"text-align: justify;\">A crian\u00e7ada tamb\u00e9m tem vez no Maior e Melhor S\u00e3o Jo\u00e3o do Mundo. Para aqueles que querem curtir com os pequenos, al\u00e9m dos polos da Esta\u00e7\u00e3o, \u00e9 poss\u00edvel contar com in\u00fameras atra\u00e7\u00f5es no Polo Infantil.<\/p>\n<p style=\"text-align: justify;\">Quem come\u00e7ou a festa, \u00e0s 14h, foi o Projeto Sesc Caruaru &#8211; Brincadeiras Populares, Oficinas Juninas e Pinturas Matutas. Dando sequ\u00eancia, a partir das 16h, tem recrea\u00e7\u00e3o com a Turma da Kika e Palha\u00e7o Pindoba, al\u00e9m de Esquete Teatral o Santo e a Porca &#8211; Ariano Suassuna e Caravana do Palha\u00e7o Xilique.<\/p>\n<p style=\"text-align: justify;\">No Polo Juarez Santiago, localizado ao lado da Pra\u00e7a da Crian\u00e7a, as atra\u00e7\u00f5es iniciam \u00e0s 19h, com Trio Regional; Trio Tempero do Forr\u00f3; Trio Carrapicho; Trio Derso Luiz; Naldo Lima e J.J\u00fanior e Trio Forr\u00f3 do Bom.<\/p>\n<p style=\"text-align: justify;\">O Polo das Quadrilhas, na Pra\u00e7a da Crian\u00e7a, os espet\u00e1culos iniciaram \u00e0s 9h da manh\u00e3. J\u00e1 na parte da noite, as apresenta\u00e7\u00f5es iniciam \u00e0s 19h, com o espet\u00e1culo \u201cA feira\u201d &#8211; Greta, Grupo de Dan\u00e7a Cia Olhares, Quadrilha dos Bonecos Gigantes, Quadrilha Junina Brincantes do Sert\u00e3o, Associa\u00e7\u00e3o dos Bacamarteiros de S\u00e3o Jo\u00e3o, Bumba meu Boi Nelore e Quadrilha Junina Dona Sinh\u00e1. Foto: Elvis \u00c9dson.<\/p>\n<p style=\"text-align: justify;\">&nbsp;Siga o Instagram do Blog @blogdoedvaldomagalhaes<\/p>\n<p style=\"text-align: justify;\">Se inscreva no canal do Blog no You Tube<\/p>\n\n\n<figure class=\"wp-block-image size-large\"><img loading=\"lazy\" decoding=\"async\" width=\"1016\" height=\"1024\" src=\"https:\/\/blogdoedvaldomagalhaes.com.br\/wp-content\/uploads\/2023\/06\/IMG-20230609-WA0017-1-1016x1024.jpg\" alt=\"\" class=\"wp-image-97401\" srcset=\"https:\/\/blogdoedvaldomagalhaes.com.br\/wp-content\/uploads\/2023\/06\/IMG-20230609-WA0017-1-1016x1024.jpg 1016w, https:\/\/blogdoedvaldomagalhaes.com.br\/wp-content\/uploads\/2023\/06\/IMG-20230609-WA0017-1-298x300.jpg 298w, https:\/\/blogdoedvaldomagalhaes.com.br\/wp-content\/uploads\/2023\/06\/IMG-20230609-WA0017-1-150x150.jpg 150w, https:\/\/blogdoedvaldomagalhaes.com.br\/wp-content\/uploads\/2023\/06\/IMG-20230609-WA0017-1-768x774.jpg 768w, https:\/\/blogdoedvaldomagalhaes.com.br\/wp-content\/uploads\/2023\/06\/IMG-20230609-WA0017-1.jpg 1284w\" sizes=\"auto, (max-width: 1016px) 100vw, 1016px\" \/><\/figure>\n\n\n\n<figure class=\"wp-block-image size-large\"><img loading=\"lazy\" decoding=\"async\" width=\"1024\" height=\"576\" src=\"https:\/\/blogdoedvaldomagalhaes.com.br\/wp-content\/uploads\/2023\/06\/IMG-20230508-WA0128-1-1024x576.jpg\" alt=\"\" class=\"wp-image-97400\" srcset=\"https:\/\/blogdoedvaldomagalhaes.com.br\/wp-content\/uploads\/2023\/06\/IMG-20230508-WA0128-1-1024x576.jpg 1024w, https:\/\/blogdoedvaldomagalhaes.com.br\/wp-content\/uploads\/2023\/06\/IMG-20230508-WA0128-1-300x169.jpg 300w, https:\/\/blogdoedvaldomagalhaes.com.br\/wp-content\/uploads\/2023\/06\/IMG-20230508-WA0128-1-768x432.jpg 768w, https:\/\/blogdoedvaldomagalhaes.com.br\/wp-content\/uploads\/2023\/06\/IMG-20230508-WA0128-1-1536x864.jpg 1536w, https:\/\/blogdoedvaldomagalhaes.com.br\/wp-content\/uploads\/2023\/06\/IMG-20230508-WA0128-1-1140x641.jpg 1140w, https:\/\/blogdoedvaldomagalhaes.com.br\/wp-content\/uploads\/2023\/06\/IMG-20230508-WA0128-1-720x405.jpg 720w, https:\/\/blogdoedvaldomagalhaes.com.br\/wp-content\/uploads\/2023\/06\/IMG-20230508-WA0128-1.jpg 1600w\" sizes=\"auto, (max-width: 1024px) 100vw, 1024px\" \/><\/figure>\n\n\n\n<figure class=\"wp-block-image size-large\"><img loading=\"lazy\" decoding=\"async\" width=\"1024\" height=\"1024\" src=\"https:\/\/blogdoedvaldomagalhaes.com.br\/wp-content\/uploads\/2023\/06\/IMG-20230613-WA0055-1024x1024.jpg\" alt=\"\" class=\"wp-image-97398\" srcset=\"https:\/\/blogdoedvaldomagalhaes.com.br\/wp-content\/uploads\/2023\/06\/IMG-20230613-WA0055-1024x1024.jpg 1024w, https:\/\/blogdoedvaldomagalhaes.com.br\/wp-content\/uploads\/2023\/06\/IMG-20230613-WA0055-300x300.jpg 300w, https:\/\/blogdoedvaldomagalhaes.com.br\/wp-content\/uploads\/2023\/06\/IMG-20230613-WA0055-150x150.jpg 150w, https:\/\/blogdoedvaldomagalhaes.com.br\/wp-content\/uploads\/2023\/06\/IMG-20230613-WA0055-768x768.jpg 768w, https:\/\/blogdoedvaldomagalhaes.com.br\/wp-content\/uploads\/2023\/06\/IMG-20230613-WA0055.jpg 1080w\" sizes=\"auto, (max-width: 1024px) 100vw, 1024px\" \/><\/figure>\n","protected":false},"excerpt":{"rendered":"<p>Nesta quinta-feira, no Polo do Repente, as atra\u00e7\u00f5es iniciam \u00e0s 19h com a dupla de apoiadores Zito Alves e Ant\u00f4nio&hellip;<\/p>\n","protected":false},"author":1,"featured_media":97730,"comment_status":"closed","ping_status":"open","sticky":false,"template":"","format":"standard","meta":{"footnotes":""},"categories":[14120],"tags":[2,19532,3406,6758,27872],"class_list":["post-97729","post","type-post","status-publish","format-standard","has-post-thumbnail","hentry","category-noticias","tag-blog-do-edvaldo-magalhaes","tag-blog-mais-acessado-e-visualizado-de-caruaru-e-regiao","tag-caruaru","tag-sao-joao","tag-veja-a-programacao-na-estacao-ferroviaria-de-caruaru-nesta-quinta-feira-22"],"_links":{"self":[{"href":"https:\/\/blogdoedvaldomagalhaes.com.br\/index.php\/wp-json\/wp\/v2\/posts\/97729","targetHints":{"allow":["GET"]}}],"collection":[{"href":"https:\/\/blogdoedvaldomagalhaes.com.br\/index.php\/wp-json\/wp\/v2\/posts"}],"about":[{"href":"https:\/\/blogdoedvaldomagalhaes.com.br\/index.php\/wp-json\/wp\/v2\/types\/post"}],"author":[{"embeddable":true,"href":"https:\/\/blogdoedvaldomagalhaes.com.br\/index.php\/wp-json\/wp\/v2\/users\/1"}],"replies":[{"embeddable":true,"href":"https:\/\/blogdoedvaldomagalhaes.com.br\/index.php\/wp-json\/wp\/v2\/comments?post=97729"}],"version-history":[{"count":4,"href":"https:\/\/blogdoedvaldomagalhaes.com.br\/index.php\/wp-json\/wp\/v2\/posts\/97729\/revisions"}],"predecessor-version":[{"id":97734,"href":"https:\/\/blogdoedvaldomagalhaes.com.br\/index.php\/wp-json\/wp\/v2\/posts\/97729\/revisions\/97734"}],"wp:featuredmedia":[{"embeddable":true,"href":"https:\/\/blogdoedvaldomagalhaes.com.br\/index.php\/wp-json\/wp\/v2\/media\/97730"}],"wp:attachment":[{"href":"https:\/\/blogdoedvaldomagalhaes.com.br\/index.php\/wp-json\/wp\/v2\/media?parent=97729"}],"wp:term":[{"taxonomy":"category","embeddable":true,"href":"https:\/\/blogdoedvaldomagalhaes.com.br\/index.php\/wp-json\/wp\/v2\/categories?post=97729"},{"taxonomy":"post_tag","embeddable":true,"href":"https:\/\/blogdoedvaldomagalhaes.com.br\/index.php\/wp-json\/wp\/v2\/tags?post=97729"}],"curies":[{"name":"wp","href":"https:\/\/api.w.org\/{rel}","templated":true}]}}