{"id":975,"date":"2018-10-17T21:15:00","date_gmt":"2018-10-18T00:15:00","guid":{"rendered":"http:\/\/blogdoedvaldomagalhaes.com.br\/index.php\/2018\/10\/17\/delegado-lessa-visita-assembleia\/"},"modified":"2019-02-09T02:35:25","modified_gmt":"2019-02-09T04:35:25","slug":"delegado-lessa-visita-assembleia","status":"publish","type":"post","link":"https:\/\/blogdoedvaldomagalhaes.com.br\/index.php\/2018\/10\/17\/delegado-lessa-visita-assembleia\/","title":{"rendered":"Delegado Lessa visita a Assembleia Legislativa de Pernambuco"},"content":{"rendered":"<div class=\"separator\" style=\"clear: both; text-align: center;\">\n<a href=\"https:\/\/1.bp.blogspot.com\/-hz4NiZOTy8w\/W8emXUqhQ0I\/AAAAAAAA72A\/vWjy2APgA20ddMYisPuuvdzbtGLYA4GKwCLcBGAs\/s1600\/lessa%2B1.jpeg\" imageanchor=\"1\" style=\"margin-left: 1em; margin-right: 1em;\"><img loading=\"lazy\" decoding=\"async\" border=\"0\" data-original-height=\"960\" data-original-width=\"1280\" height=\"480\" src=\"http:\/\/blogdoedvaldomagalhaes.com.br\/wp-content\/uploads\/2018\/10\/lessa1-2.jpeg\" width=\"640\" \/><\/a><\/div>\n<div style=\"text-align: justify;\">\n<\/div>\n<div style=\"text-align: justify;\">\nAntevendo sua atua\u00e7\u00e3o parlamentar, o deputado eleito Delegado Lessa (Progressistas) visitou a Assembleia Legislativa de Pernambuco (Alepe) nesta quarta-feira, 17. Ele foi recebido pelo deputado estadual reeleito Joaquim Lira (PSD). Na ocasi\u00e3o, Lessa conheceu a estrutura administrativa da Alepe &#8211; a exemplo do plen\u00e1rio e plenarinhos -, inclusive acompanhando a reuni\u00e3o ordin\u00e1ria da comiss\u00e3o de administra\u00e7\u00e3o p\u00fablica, al\u00e9m de alguns gabinetes e espa\u00e7os administrativos da Casa. O deputado eleito tamb\u00e9m dialogou com funcion\u00e1rios da Casa Joaquim Nabuco, familiarizando-se com o ambiente onde atuar\u00e1 a partir de fevereiro de 2019.<\/div>\n<div style=\"text-align: justify;\">\n<\/div>\n<div style=\"text-align: justify;\">\nDe acordo com o Delegado Lessa, esta visita caracteriza o tom que pretende estabelecer no seu mandato. &#8220;Como servidor p\u00fablico, quero exercer meu trabalho com o m\u00e1ximo de efici\u00eancia. Tenho compromissos para com a popula\u00e7\u00e3o, sobretudo no que diz respeito \u00e0 seguran\u00e7a p\u00fablica, transpar\u00eancia e valores da fam\u00edlia. Quero cumprir com excel\u00eancia a minha miss\u00e3o de servir a Pernambuco no Poder Legislativo&#8221;, declarou o Delegado Lessa, que foi eleito com 29.128 votos no pleito do \u00faltimo dia 07.<\/div>\n<div style=\"text-align: justify;\">\n<\/div>\n<div class=\"separator\" style=\"clear: both; text-align: center;\">\n<a href=\"https:\/\/2.bp.blogspot.com\/-Fcg61VutWPo\/W8emdhaa4VI\/AAAAAAAA72E\/iw0-AQTA10E-vzseFl0s__pT1KOGpvpKgCLcBGAs\/s1600\/lessa%2B2.jpeg\" imageanchor=\"1\" style=\"margin-left: 1em; margin-right: 1em;\"><img loading=\"lazy\" decoding=\"async\" border=\"0\" data-original-height=\"960\" data-original-width=\"1280\" height=\"480\" src=\"http:\/\/blogdoedvaldomagalhaes.com.br\/wp-content\/uploads\/2018\/10\/lessa2-1.jpeg\" width=\"640\" \/><\/a><\/div>\n<div style=\"text-align: justify;\">\n<\/div>\n<div style=\"text-align: justify;\">\nA Alepe foi instalada no s\u00e9culo XIX. No ano que vem, ser\u00e1 a 19\u00aa legislatura da Casa, contando com 49 deputados estaduais, cujas principais atribui\u00e7\u00f5es s\u00e3o legislar sobre temas estaduais, fiscalizar o Poder Executivo e representar politicamente a popula\u00e7\u00e3o.<\/div>\n","protected":false},"excerpt":{"rendered":"<p>Antevendo sua atua\u00e7\u00e3o parlamentar, o deputado eleito Delegado Lessa (Progressistas) visitou a Assembleia Legislativa de Pernambuco (Alepe) nesta quarta-feira, 17.&hellip;<\/p>\n","protected":false},"author":1,"featured_media":0,"comment_status":"open","ping_status":"open","sticky":false,"template":"","format":"standard","meta":{"footnotes":""},"categories":[1],"tags":[2,922,20],"class_list":["post-975","post","type-post","status-publish","format-standard","hentry","category-sem-categoria","tag-blog-do-edvaldo-magalhaes","tag-delegado-lessa-visita-a-assembleia-legislativa-de-pernambuco","tag-politica"],"_links":{"self":[{"href":"https:\/\/blogdoedvaldomagalhaes.com.br\/index.php\/wp-json\/wp\/v2\/posts\/975","targetHints":{"allow":["GET"]}}],"collection":[{"href":"https:\/\/blogdoedvaldomagalhaes.com.br\/index.php\/wp-json\/wp\/v2\/posts"}],"about":[{"href":"https:\/\/blogdoedvaldomagalhaes.com.br\/index.php\/wp-json\/wp\/v2\/types\/post"}],"author":[{"embeddable":true,"href":"https:\/\/blogdoedvaldomagalhaes.com.br\/index.php\/wp-json\/wp\/v2\/users\/1"}],"replies":[{"embeddable":true,"href":"https:\/\/blogdoedvaldomagalhaes.com.br\/index.php\/wp-json\/wp\/v2\/comments?post=975"}],"version-history":[{"count":1,"href":"https:\/\/blogdoedvaldomagalhaes.com.br\/index.php\/wp-json\/wp\/v2\/posts\/975\/revisions"}],"predecessor-version":[{"id":34984,"href":"https:\/\/blogdoedvaldomagalhaes.com.br\/index.php\/wp-json\/wp\/v2\/posts\/975\/revisions\/34984"}],"wp:attachment":[{"href":"https:\/\/blogdoedvaldomagalhaes.com.br\/index.php\/wp-json\/wp\/v2\/media?parent=975"}],"wp:term":[{"taxonomy":"category","embeddable":true,"href":"https:\/\/blogdoedvaldomagalhaes.com.br\/index.php\/wp-json\/wp\/v2\/categories?post=975"},{"taxonomy":"post_tag","embeddable":true,"href":"https:\/\/blogdoedvaldomagalhaes.com.br\/index.php\/wp-json\/wp\/v2\/tags?post=975"}],"curies":[{"name":"wp","href":"https:\/\/api.w.org\/{rel}","templated":true}]}}