{"id":973,"date":"2018-10-17T22:48:00","date_gmt":"2018-10-18T01:48:00","guid":{"rendered":"http:\/\/blogdoedvaldomagalhaes.com.br\/index.php\/2018\/10\/17\/policia-apreende-objetos-roubados-que\/"},"modified":"2019-02-09T02:35:26","modified_gmt":"2019-02-09T04:35:26","slug":"policia-apreende-objetos-roubados-que","status":"publish","type":"post","link":"https:\/\/blogdoedvaldomagalhaes.com.br\/index.php\/2018\/10\/17\/policia-apreende-objetos-roubados-que\/","title":{"rendered":"Pol\u00edcia apreende objetos roubados que estavam dentro de resid\u00eancia em Caruaru"},"content":{"rendered":"<div class=\"separator\" style=\"clear: both; text-align: center;\">\n<a href=\"https:\/\/1.bp.blogspot.com\/-vKid3xnnfh4\/W8e7yyePmRI\/AAAAAAAA72g\/So-lx2vnVH0wcrxlXAmwTq2kevqDHvaewCLcBGAs\/s1600\/IMG-20181017-WA0235.jpg\" imageanchor=\"1\" style=\"margin-left: 1em; margin-right: 1em;\"><img loading=\"lazy\" decoding=\"async\" border=\"0\" data-original-height=\"408\" data-original-width=\"720\" height=\"362\" src=\"http:\/\/blogdoedvaldomagalhaes.com.br\/wp-content\/uploads\/2018\/10\/IMG-20181017-WA0235.jpg\" width=\"640\" \/><\/a><\/div>\n<div class=\"separator\" style=\"clear: both; text-align: center;\">\nFotos: Reprodu\u00e7\u00e3o\/WhatsApp<\/div>\n<div class=\"separator\" style=\"clear: both; text-align: center;\">\n<\/div>\n<div class=\"separator\" style=\"clear: both; text-align: justify;\">\nA Pol\u00edcia Civil apreendeu v\u00e1rios objetos roubados na tarde desta quarta-feira (17), dentro de uma resid\u00eancia no bairro Jo\u00e3o Mota, em Caruaru, no Agreste de Pernambuco. De acordo com o delegado Alberys Costa, foram encontrados produtos de perfumaria, higiene, bicicletas, bebidas e cigarros contrabandeados. A pol\u00edcia suspeita que os objetos s\u00e3o possivelmente de uma carga roubada.<\/div>\n<div class=\"separator\" style=\"clear: both; text-align: justify;\">\n<\/div>\n<p><\/p>\n<div class=\"separator\" style=\"clear: both; text-align: center;\">\n<a href=\"https:\/\/3.bp.blogspot.com\/-ZZ9yYt0uvdA\/W8e73MK5tsI\/AAAAAAAA72k\/yPyyKE1ewUssHwi4_bVOG1ORAwkmxCMHwCLcBGAs\/s1600\/IMG-20181017-WA0236.jpg\" imageanchor=\"1\" style=\"margin-left: 1em; margin-right: 1em;\"><img loading=\"lazy\" decoding=\"async\" border=\"0\" data-original-height=\"406\" data-original-width=\"720\" height=\"360\" src=\"http:\/\/blogdoedvaldomagalhaes.com.br\/wp-content\/uploads\/2018\/10\/IMG-20181017-WA0236.jpg\" width=\"640\" \/><\/a><\/div>\n<p><\/p>\n<div style=\"text-align: justify;\">\nAinda segundo a pol\u00edcia, um homem foi detido e levado \u00e0 Delegacia de Plant\u00e3o, com o material apreendido, para as medidas cab\u00edveis.<\/div>\n<div style=\"text-align: justify;\">\n<\/div>\n<div class=\"separator\" style=\"clear: both; text-align: center;\">\n<a href=\"https:\/\/3.bp.blogspot.com\/-rDMhsdtHGJI\/W8e7_IK5XJI\/AAAAAAAA72o\/8r5dSlmx0FAVU6Au47v0N6_6inB-s2q8ACLcBGAs\/s1600\/IMG-20181017-WA0237.jpg\" imageanchor=\"1\" style=\"margin-left: 1em; margin-right: 1em;\"><img loading=\"lazy\" decoding=\"async\" border=\"0\" data-original-height=\"462\" data-original-width=\"1280\" height=\"230\" src=\"http:\/\/blogdoedvaldomagalhaes.com.br\/wp-content\/uploads\/2018\/10\/IMG-20181017-WA0237.jpg\" width=\"640\" \/><\/a><\/div>\n<p><\/p>\n","protected":false},"excerpt":{"rendered":"<p>Fotos: Reprodu\u00e7\u00e3o\/WhatsApp A Pol\u00edcia Civil apreendeu v\u00e1rios objetos roubados na tarde desta quarta-feira (17), dentro de uma resid\u00eancia no bairro&hellip;<\/p>\n","protected":false},"author":1,"featured_media":0,"comment_status":"open","ping_status":"open","sticky":false,"template":"","format":"standard","meta":{"footnotes":""},"categories":[1],"tags":[2,905,920],"class_list":["post-973","post","type-post","status-publish","format-standard","hentry","category-sem-categoria","tag-blog-do-edvaldo-magalhaes","tag-policia","tag-policia-apreende-objetos-roubados-que-estavam-dentro-de-residencia-em-caruaru"],"_links":{"self":[{"href":"https:\/\/blogdoedvaldomagalhaes.com.br\/index.php\/wp-json\/wp\/v2\/posts\/973","targetHints":{"allow":["GET"]}}],"collection":[{"href":"https:\/\/blogdoedvaldomagalhaes.com.br\/index.php\/wp-json\/wp\/v2\/posts"}],"about":[{"href":"https:\/\/blogdoedvaldomagalhaes.com.br\/index.php\/wp-json\/wp\/v2\/types\/post"}],"author":[{"embeddable":true,"href":"https:\/\/blogdoedvaldomagalhaes.com.br\/index.php\/wp-json\/wp\/v2\/users\/1"}],"replies":[{"embeddable":true,"href":"https:\/\/blogdoedvaldomagalhaes.com.br\/index.php\/wp-json\/wp\/v2\/comments?post=973"}],"version-history":[{"count":1,"href":"https:\/\/blogdoedvaldomagalhaes.com.br\/index.php\/wp-json\/wp\/v2\/posts\/973\/revisions"}],"predecessor-version":[{"id":34991,"href":"https:\/\/blogdoedvaldomagalhaes.com.br\/index.php\/wp-json\/wp\/v2\/posts\/973\/revisions\/34991"}],"wp:attachment":[{"href":"https:\/\/blogdoedvaldomagalhaes.com.br\/index.php\/wp-json\/wp\/v2\/media?parent=973"}],"wp:term":[{"taxonomy":"category","embeddable":true,"href":"https:\/\/blogdoedvaldomagalhaes.com.br\/index.php\/wp-json\/wp\/v2\/categories?post=973"},{"taxonomy":"post_tag","embeddable":true,"href":"https:\/\/blogdoedvaldomagalhaes.com.br\/index.php\/wp-json\/wp\/v2\/tags?post=973"}],"curies":[{"name":"wp","href":"https:\/\/api.w.org\/{rel}","templated":true}]}}