{"id":972,"date":"2018-10-18T10:36:00","date_gmt":"2018-10-18T13:36:00","guid":{"rendered":"http:\/\/blogdoedvaldomagalhaes.com.br\/index.php\/2018\/10\/18\/morre-fotografo-agnaldo-lima\/"},"modified":"2019-02-09T02:35:27","modified_gmt":"2019-02-09T04:35:27","slug":"morre-fotografo-agnaldo-lima","status":"publish","type":"post","link":"https:\/\/blogdoedvaldomagalhaes.com.br\/index.php\/2018\/10\/18\/morre-fotografo-agnaldo-lima\/","title":{"rendered":"Morre fot\u00f3grafo Agnaldo Lima"},"content":{"rendered":"<div class=\"separator\" style=\"clear: both; text-align: center;\">\n<a href=\"https:\/\/4.bp.blogspot.com\/-vt-Iz9TqCtg\/W8hiNDHlBNI\/AAAAAAAA73I\/3yHlJwdjxy83PyxuYHrjuwhhFZT9AWYogCLcBGAs\/s1600\/foto.jpg\" imageanchor=\"1\" style=\"margin-left: 1em; margin-right: 1em;\"><img loading=\"lazy\" decoding=\"async\" border=\"0\" data-original-height=\"640\" data-original-width=\"427\" height=\"640\" src=\"http:\/\/blogdoedvaldomagalhaes.com.br\/wp-content\/uploads\/2018\/10\/foto-2.jpg\" width=\"426\" \/><\/a><\/div>\n<p><\/p>\n<div style=\"text-align: justify;\">\nO fot\u00f3grafo Agnaldo Lima, de 51 anos, faleceu na noite dessa quarta-feira (17). Segundo informa\u00e7\u00f5es&nbsp;ele estava treinando jiu jitsu, quando foi acometido de infarto, foi socorrido, mas n\u00e3o resistiu e faleceu.<\/p>\n<div class=\"separator\" style=\"clear: both; text-align: center;\">\n<\/div>\n<p><\/p>\n<div class=\"separator\" style=\"clear: both; text-align: center;\">\n<a href=\"https:\/\/4.bp.blogspot.com\/-czOjh51ht68\/W8huDV1XEvI\/AAAAAAAA73g\/gm_4O4xz4g8CEVp8KZYmO33l14Y5TdOPQCLcBGAs\/s1600\/IMG-20181018-WA0002.jpg\" imageanchor=\"1\" style=\"margin-left: 1em; margin-right: 1em;\"><img loading=\"lazy\" decoding=\"async\" border=\"0\" data-original-height=\"442\" data-original-width=\"442\" height=\"640\" src=\"http:\/\/blogdoedvaldomagalhaes.com.br\/wp-content\/uploads\/2018\/10\/IMG-20181018-WA0002.jpg\" width=\"640\" \/><\/a><\/div>\n<p><\/div>\n<div style=\"text-align: justify;\">\nAgnaldo, al\u00e9m de sobrelevar-se como um grande profissional fotojornalista, gostava de praticar atividades esportivas e de lazer e h\u00e1 quase dez anos&nbsp; sua principal atividade era o com\u00e9rcio de equipamentos de qualidade no ramo de fotografia para os profissionais do setorial de fotografia e afins.<\/div>\n<div style=\"text-align: justify;\">\n<div class=\"separator\" style=\"clear: both; text-align: center;\">\n<a href=\"https:\/\/1.bp.blogspot.com\/-Xnq6eSGB4PI\/W8hilQc8jII\/AAAAAAAA73Q\/lVKP5FAjNeI4bLfc_lK7TdJGVDmqKHa4gCLcBGAs\/s1600\/ele.jpg\" imageanchor=\"1\" style=\"margin-left: 1em; margin-right: 1em;\"><img loading=\"lazy\" decoding=\"async\" border=\"0\" data-original-height=\"654\" data-original-width=\"480\" height=\"640\" src=\"http:\/\/blogdoedvaldomagalhaes.com.br\/wp-content\/uploads\/2018\/10\/ele-3.jpg\" width=\"468\" \/><\/a><\/div>\n<p><\/div>\n<div style=\"text-align: justify;\">\nAgnaldo j\u00e1 tinha a veia art\u00edstica para arte. Antes de atuar como fot\u00f3grafo ele foi mec\u00e2nico e pintor de autom\u00f3vel e ascensorista de elevador. Apesar de ter feito concurso para PM e ter sido aprovado, optou pela arte da fotografia, e iniciou h\u00e1 mais de 30 anos percorrendo munic\u00edpios de estados como: Alagoas, Sergipe, Bahia e interior de Pernambuco.<\/div>\n<div style=\"text-align: justify;\">\n<\/div>\n<div style=\"text-align: justify;\">\nProfissionalmente trabalhou em v\u00e1rios \u00f3rg\u00e3os de imprensa, como Jornal Vanguarda, Folha de Pernambuco, Jornal do Commercio, publica\u00e7\u00f5es etc. Deixou sua marca tamb\u00e9m em ag\u00eancias, \u00c2nglo e Poder Executivo de Caruaru durante as gest\u00f5es dos prefeitos Tony Gel e Jos\u00e9 Queiroz.<\/div>\n<div style=\"text-align: justify;\">\n<\/div>\n<div style=\"text-align: justify;\">\nVel\u00f3rio est\u00e1 ocorrendo na sala 2 e o sepultamento ser\u00e1&nbsp;nesta sexta-feira (19), \u00e0s 16h, no Cemit\u00e9rio Parque dos Arcos.<\/p>\n<p>Informa\u00e7\u00f5es de Paulo Nailson.&nbsp;<\/p><\/div>\n","protected":false},"excerpt":{"rendered":"<p>O fot\u00f3grafo Agnaldo Lima, de 51 anos, faleceu na noite dessa quarta-feira (17). Segundo informa\u00e7\u00f5es&nbsp;ele estava treinando jiu jitsu, quando&hellip;<\/p>\n","protected":false},"author":1,"featured_media":0,"comment_status":"open","ping_status":"open","sticky":false,"template":"","format":"standard","meta":{"footnotes":""},"categories":[1],"tags":[2,919,6],"class_list":["post-972","post","type-post","status-publish","format-standard","hentry","category-sem-categoria","tag-blog-do-edvaldo-magalhaes","tag-morre-fotografo-agnaldo-lima","tag-noticias"],"_links":{"self":[{"href":"https:\/\/blogdoedvaldomagalhaes.com.br\/index.php\/wp-json\/wp\/v2\/posts\/972","targetHints":{"allow":["GET"]}}],"collection":[{"href":"https:\/\/blogdoedvaldomagalhaes.com.br\/index.php\/wp-json\/wp\/v2\/posts"}],"about":[{"href":"https:\/\/blogdoedvaldomagalhaes.com.br\/index.php\/wp-json\/wp\/v2\/types\/post"}],"author":[{"embeddable":true,"href":"https:\/\/blogdoedvaldomagalhaes.com.br\/index.php\/wp-json\/wp\/v2\/users\/1"}],"replies":[{"embeddable":true,"href":"https:\/\/blogdoedvaldomagalhaes.com.br\/index.php\/wp-json\/wp\/v2\/comments?post=972"}],"version-history":[{"count":1,"href":"https:\/\/blogdoedvaldomagalhaes.com.br\/index.php\/wp-json\/wp\/v2\/posts\/972\/revisions"}],"predecessor-version":[{"id":34995,"href":"https:\/\/blogdoedvaldomagalhaes.com.br\/index.php\/wp-json\/wp\/v2\/posts\/972\/revisions\/34995"}],"wp:attachment":[{"href":"https:\/\/blogdoedvaldomagalhaes.com.br\/index.php\/wp-json\/wp\/v2\/media?parent=972"}],"wp:term":[{"taxonomy":"category","embeddable":true,"href":"https:\/\/blogdoedvaldomagalhaes.com.br\/index.php\/wp-json\/wp\/v2\/categories?post=972"},{"taxonomy":"post_tag","embeddable":true,"href":"https:\/\/blogdoedvaldomagalhaes.com.br\/index.php\/wp-json\/wp\/v2\/tags?post=972"}],"curies":[{"name":"wp","href":"https:\/\/api.w.org\/{rel}","templated":true}]}}