{"id":971,"date":"2018-10-18T15:28:00","date_gmt":"2018-10-18T18:28:00","guid":{"rendered":"http:\/\/blogdoedvaldomagalhaes.com.br\/index.php\/2018\/10\/18\/bezerros-comunidade-quilombola-recebe\/"},"modified":"2019-02-09T02:35:27","modified_gmt":"2019-02-09T04:35:27","slug":"bezerros-comunidade-quilombola-recebe","status":"publish","type":"post","link":"https:\/\/blogdoedvaldomagalhaes.com.br\/index.php\/2018\/10\/18\/bezerros-comunidade-quilombola-recebe\/","title":{"rendered":"Bezerros: Comunidade quilombola recebe projeto social em comemora\u00e7\u00e3o ao m\u00eas das crian\u00e7as"},"content":{"rendered":"<div class=\"separator\" style=\"clear: both; text-align: center;\">\n<a href=\"https:\/\/4.bp.blogspot.com\/-R09-1Jal9ns\/W8imXceCaWI\/AAAAAAAA734\/mujdOC1DVjMKPepCCEC4Or0WsAtLORFaQCLcBGAs\/s1600\/1.jpeg\" imageanchor=\"1\" style=\"margin-left: 1em; margin-right: 1em;\"><img loading=\"lazy\" decoding=\"async\" border=\"0\" data-original-height=\"960\" data-original-width=\"1280\" height=\"480\" src=\"http:\/\/blogdoedvaldomagalhaes.com.br\/wp-content\/uploads\/2018\/10\/1-1.jpeg\" width=\"640\" \/><\/a><\/div>\n<div class=\"MsoNormal\" style=\"background: white; mso-line-height-alt: 11.75pt; text-align: justify; text-indent: 35.4pt;\">\n<\/div>\n<div class=\"MsoNormal\" style=\"background: white; mso-line-height-alt: 11.75pt; text-align: justify; text-indent: 35.4pt;\">\nSer\u00e1 realizado, no pr\u00f3ximo domingo (21), uma a\u00e7\u00e3o social voltada para a<br \/>\ncomunidade Quilombola S\u00edtio Guaribas de Baixo, localizada em Bezerros, no<br \/>\nAgreste de Pernambuco. Ser\u00e3o entregues brinquedos para 75 crian\u00e7as, al\u00e9m de um<br \/>\ndia com diversas atividades e brincadeiras. As fam\u00edlias tamb\u00e9m ser\u00e3o<br \/>\nbeneficiadas com uma cesta b\u00e1sica cada uma.<\/p>\n<\/div>\n<div class=\"MsoNormal\" style=\"background: white; mso-line-height-alt: 11.75pt; text-align: justify; text-indent: 35.4pt;\">\nA a\u00e7\u00e3o \u00e9 do Grupo Irradiou, do Recife, que j\u00e1 existe h\u00e1 dois anos e<br \/>\nrealiza doa\u00e7\u00f5es de sopa, roupas e kits de higiene pessoal aos moradores de rua<br \/>\nno Centro da Capital Pernambucana.<\/p>\n<\/div>\n<div class=\"MsoNormal\" style=\"background: white; mso-line-height-alt: 11.75pt; text-align: justify; text-indent: 35.4pt;\">\n\u201cNosso trabalho principal, al\u00e9m de entregar alimentos e kits de higiene,<br \/>\n\u00e9 humanizar todo o processo, dar ouvidos para as hist\u00f3rias deles, ajudar<br \/>\neventualmente com alguma medica\u00e7\u00e3o, fralda geri\u00e1trica, entender o que eles<br \/>\nprecisam e trabalhar esse empoderamento. Lembr\u00e1-los dos direitos que eles t\u00eam<br \/>\ndentro da sociedade e inform\u00e1-los sobre as medidas cab\u00edveis para determinadas<br \/>\nsitua\u00e7\u00f5es. Vemos muitos jovens nas drogas e sempre somos pacientes para tentar<br \/>\ntrocar a droga por alimentos, kits, roupas\u201d, explicou um dos idealizadores do<br \/>\nprojeto, Diogo Fernandes.<\/p>\n<\/div>\n<div class=\"MsoNormal\" style=\"background: white; mso-line-height-alt: 11.75pt; text-align: justify; text-indent: 35.4pt;\">\nEsta n\u00e3o ser\u00e1 a primeira vez que o Grupo Irradiou saiu da Regi\u00e3o<br \/>\nMetropolitana do Recife. Em outubro de 2017, eles tamb\u00e9m estiveram no munic\u00edpio<br \/>\nde Bezerros arrecadando alimentos, roupas, fraldas e materiais de higiene para<br \/>\no Asilo Nossa Senhora do Ros\u00e1rio.<\/p>\n<\/div>\n<div class=\"MsoNormal\" style=\"background: white; mso-line-height-alt: 11.75pt; text-align: justify; text-indent: 35.4pt;\">\n\u201cSempre procuramos os lugares mais necessitados e depois da indica\u00e7\u00e3o de<br \/>\numa companheira de a\u00e7\u00f5es, decidimos que, neste m\u00eas de outubro, a a\u00e7\u00e3o voltada<br \/>\npara o dia das crian\u00e7as ser\u00e1 na comunidade Quilombola S\u00edtio Guaribas de Baixo,<br \/>\ndevido a imensa necessidade que eles t\u00eam diariamente. Montamos um plano ousado<br \/>\npara as 75 crian\u00e7as e 45 fam\u00edlias do local. Estamos super ansioso\u201d, revelou<br \/>\nDiogo.<\/p>\n<div class=\"separator\" style=\"clear: both; text-align: center;\">\n<a href=\"https:\/\/1.bp.blogspot.com\/-FM_7OBi8Bf0\/W8imuN-KQvI\/AAAAAAAA74A\/ZCYKRWcxeAEGICPnpaqPdoQAFCHRKdlLgCLcBGAs\/s1600\/2.jpeg\" imageanchor=\"1\" style=\"margin-left: 1em; margin-right: 1em;\"><img loading=\"lazy\" decoding=\"async\" border=\"0\" data-original-height=\"960\" data-original-width=\"1280\" height=\"480\" src=\"http:\/\/blogdoedvaldomagalhaes.com.br\/wp-content\/uploads\/2018\/10\/2-1.jpeg\" width=\"640\" \/><\/a><\/div>\n<p><\/div>\n<div class=\"MsoNormal\" style=\"background: white; mso-line-height-alt: 11.75pt; text-align: justify; text-indent: 35.4pt;\">\n<b>Hist\u00f3ria &#8211;<\/b>&nbsp;O Grupo Irradiou foi criado por tr\u00eas amigos, ap\u00f3s um deles ter<br \/>\narrecadado alimentos no m\u00eas do seu anivers\u00e1rio e doado para um asilo de Olinda.<br \/>\nA primeira a\u00e7\u00e3o oficial foi realizada no CISAM, onde foram arrecadados potes de<br \/>\nvidro para o armazenamento de leite materno.&nbsp;&nbsp;Posteriormente, eles<br \/>\ncome\u00e7aram a fazer como a\u00e7\u00e3o principal doa\u00e7\u00e3o de sopa para os moradores de rua<br \/>\ndo Centro do recife.<\/p>\n<\/div>\n<div class=\"MsoNormal\" style=\"background: white; mso-line-height-alt: 11.75pt; text-align: justify; text-indent: 35.4pt;\">\nAl\u00e9m da sopa e outros alimentos, um diferencial do grupo foi a entrega<br \/>\nde roupas e um kit de higiene pessoal, que acontece em todas as a\u00e7\u00f5es. O kit \u00e9<br \/>\ncomposto por creme dental, escova de dente, shampoo, desodorante e absorvente<br \/>\npara mulheres. \u201cA inten\u00e7\u00e3o do kit \u00e9 fazer com que os beneficiados se sintam com<br \/>\num pouco mais de dignidade. Eles realmente amam os kits\u201d, disse a volunt\u00e1ria do<br \/>\nGrupo, Marina Ferreira.<\/p>\n<\/div>\n<div class=\"MsoNormal\" style=\"background: white; mso-line-height-alt: 11.75pt; text-align: justify; text-indent: 35.4pt;\">\nAl\u00e9m das ruas, o Grupo Irradiou realiza a\u00e7\u00f5es e doa\u00e7\u00f5es em lugares<br \/>\nfechados, como:&nbsp;&nbsp;creches, asilos e casas de apoio. Eles realizam as<br \/>\natividades uma vez por m\u00eas. O grupo n\u00e3o tem v\u00ednculo partid\u00e1rio ou religioso e<br \/>\ndurante todo esse per\u00edodo, sempre sobreviveu atrav\u00e9s de doa\u00e7\u00f5es de<br \/>\namigos&nbsp;&nbsp;e de pessoas volunt\u00e1rias que foram conhecendo o projeto<br \/>\natrav\u00e9s do compartilhamentos nas redes sociais.<\/p>\n<\/div>\n<div class=\"MsoNormal\" style=\"background: white; mso-line-height-alt: 11.75pt; text-align: justify; text-indent: 35.4pt;\">\n\u201cEstamos obtendo sucesso e atraindo novos volunt\u00e1rios, mas ainda<br \/>\nprecisamos muito de ajuda para ampliar nossas campanhas. Nossa p\u00e1gina no instagram<br \/>\n\u00e9 @grupoirradiou. E a pergunta que sempre fazemos a todos que encontramos \u00e9:<br \/>\n\u201cVamos fazer o bem?\u201d.&nbsp;&nbsp;Esse \u00e9 o nosso maior desejo, levar o bem para<br \/>\no m\u00e1ximo de pessoas e trocar sorrisos e hist\u00f3rias, do sert\u00e3o ao litoral\u201d,<br \/>\nfinalizou o outro idealizador do Irradiou, Uirand\u00ea Souza.<\/p>\n<\/div>\n<div class=\"MsoNormal\" style=\"background: white; mso-line-height-alt: 11.75pt; text-align: justify; text-indent: 35.4pt;\">\nPara doa\u00e7\u00f5es e informa\u00e7\u00f5es, o n\u00famero de telefone dispon\u00edvel \u00e9: (81)<br \/>\n9.8732.8971<\/div>\n<div class=\"MsoNormal\" style=\"text-align: justify;\">\n<\/div>\n","protected":false},"excerpt":{"rendered":"<p>Ser\u00e1 realizado, no pr\u00f3ximo domingo (21), uma a\u00e7\u00e3o social voltada para a comunidade Quilombola S\u00edtio Guaribas de Baixo, localizada em&hellip;<\/p>\n","protected":false},"author":1,"featured_media":0,"comment_status":"open","ping_status":"open","sticky":false,"template":"","format":"standard","meta":{"footnotes":""},"categories":[1],"tags":[918,2,6],"class_list":["post-971","post","type-post","status-publish","format-standard","hentry","category-sem-categoria","tag-bezerros-comunidade-quilombola-recebe-projeto-social-em-comemoracao-ao-mes-das-criancas","tag-blog-do-edvaldo-magalhaes","tag-noticias"],"_links":{"self":[{"href":"https:\/\/blogdoedvaldomagalhaes.com.br\/index.php\/wp-json\/wp\/v2\/posts\/971","targetHints":{"allow":["GET"]}}],"collection":[{"href":"https:\/\/blogdoedvaldomagalhaes.com.br\/index.php\/wp-json\/wp\/v2\/posts"}],"about":[{"href":"https:\/\/blogdoedvaldomagalhaes.com.br\/index.php\/wp-json\/wp\/v2\/types\/post"}],"author":[{"embeddable":true,"href":"https:\/\/blogdoedvaldomagalhaes.com.br\/index.php\/wp-json\/wp\/v2\/users\/1"}],"replies":[{"embeddable":true,"href":"https:\/\/blogdoedvaldomagalhaes.com.br\/index.php\/wp-json\/wp\/v2\/comments?post=971"}],"version-history":[{"count":1,"href":"https:\/\/blogdoedvaldomagalhaes.com.br\/index.php\/wp-json\/wp\/v2\/posts\/971\/revisions"}],"predecessor-version":[{"id":34998,"href":"https:\/\/blogdoedvaldomagalhaes.com.br\/index.php\/wp-json\/wp\/v2\/posts\/971\/revisions\/34998"}],"wp:attachment":[{"href":"https:\/\/blogdoedvaldomagalhaes.com.br\/index.php\/wp-json\/wp\/v2\/media?parent=971"}],"wp:term":[{"taxonomy":"category","embeddable":true,"href":"https:\/\/blogdoedvaldomagalhaes.com.br\/index.php\/wp-json\/wp\/v2\/categories?post=971"},{"taxonomy":"post_tag","embeddable":true,"href":"https:\/\/blogdoedvaldomagalhaes.com.br\/index.php\/wp-json\/wp\/v2\/tags?post=971"}],"curies":[{"name":"wp","href":"https:\/\/api.w.org\/{rel}","templated":true}]}}